{"id":6139,"date":"2026-09-02T08:37:24","date_gmt":"2026-09-02T06:37:24","guid":{"rendered":"https:\/\/koenigseggwald.de\/?p=6139"},"modified":"2026-09-02T08:37:40","modified_gmt":"2026-09-02T06:37:40","slug":"verbandsanzeiger-02-09-2026","status":"publish","type":"post","link":"https:\/\/koenigseggwald.de\/index.php\/verbandsanzeiger-02-09-2026\/","title":{"rendered":"Verbandsanzeiger 02.09.2026"},"content":{"rendered":"<p>[vc_row css=&#8220;.vc_custom_1531391917905{background-color: #ededed !important;}&#8220;][vc_column][vc_custom_heading text=&#8220;K\u00f6nigseggwalder Verbandsanzeiger&#8220; font_container=&#8220;tag:h2|text_align:center&#8220; google_fonts=&#8220;font_family:Roboto%3A100%2C100italic%2C300%2C300italic%2Cregular%2Citalic%2C500%2C500italic%2C700%2C700italic%2C900%2C900italic|font_style:400%20regular%3A400%3Anormal&#8220;][\/vc_column][\/vc_row][vc_row css=&#8220;.vc_custom_1531392462926{margin-top: -30px !important;background-color: #ededed !important;}&#8220;][vc_column width=&#8220;1\/3&#8243;][\/vc_column][vc_column width=&#8220;1\/3&#8243;][vc_custom_heading text=&#8220;02.09.2026&#8243; font_container=&#8220;tag:h4|font_size:14|text_align:center&#8220; google_fonts=&#8220;font_family:Roboto%3A100%2C100italic%2C300%2C300italic%2Cregular%2Citalic%2C500%2C500italic%2C700%2C700italic%2C900%2C900italic|font_style:400%20regular%3A400%3Anormal&#8220;][\/vc_column][vc_column width=&#8220;1\/3&#8243;][\/vc_column][\/vc_row][vc_row css=&#8220;.vc_custom_1531392125335{padding-right: 20px !important;padding-left: 20px !important;background-color: rgba(0,0,0,0.06) !important;*background-color: rgb(0,0,0) !important;border-radius: 3px !important;}&#8220;][vc_column css=&#8220;.vc_custom_1643727178395{border-radius: 3px !important;}&#8220;][vc_column_text]<\/p>\n<h3>Sanierung Friedhofsmauer<\/h3>\n<p>Liebe B\u00fcrgerinnen und B\u00fcrger,<br \/>\nein weiterer Teil der Sanierung und Neu- bzw. Umgestaltung des Friedhofs ist abgeschlossen.<br \/>\nAn der Friedhofsmauer wurden innen und au\u00dfen Sch\u00e4den am Putz ausgebessert und Malerarbeiten rund um die Mauer durchgef\u00fchrt.<br \/>\nZudem wurden sog. \u201eAttikaprofile\u201c an der Unterkante der \u201e\u00dcberdachung\u201c der Mauer eingesetzt. Diese Profile sollen verhindern, dass sich unter den Dachschindeln Regenwasser sammelt, hinter den Putz direkt an der Mauer abl\u00e4uft und so zu entsprechenden Sch\u00e4den und nassen Stellen am Mauerwerk f\u00fchrt.<br \/>\nNeben der Au\u00dfenmauer wurde auch das Kriegerdenkmal neu gestrichen und der Putz und andere Schadstellen ausgebessert.<br \/>\nDie nachfolgenden Bilder sollen einen kurzen \u00dcberblick \u00fcber die erfolgten Arbeiten geben.<\/p>\n<p><em>Auch hier wieder der Hinweis, dass die Bilder in der \u201edigitalen Ausgabe\u201c auf unserer Homepage in Farbe und deutlich besser lesbar abgebildet sind.<\/em><\/p>\n<p><img loading=\"lazy\" decoding=\"async\" class=\"alignnone size-full wp-image-6142\" src=\"https:\/\/koenigseggwald.de\/wp-content\/uploads\/2026\/09\/26-32-Friedhofsmauer.png\" alt=\"\" width=\"1000\" height=\"640\" srcset=\"https:\/\/koenigseggwald.de\/wp-content\/uploads\/2026\/09\/26-32-Friedhofsmauer.png 1000w, https:\/\/koenigseggwald.de\/wp-content\/uploads\/2026\/09\/26-32-Friedhofsmauer-300x192.png 300w, https:\/\/koenigseggwald.de\/wp-content\/uploads\/2026\/09\/26-32-Friedhofsmauer-768x492.png 768w, https:\/\/koenigseggwald.de\/wp-content\/uploads\/2026\/09\/26-32-Friedhofsmauer-117x75.png 117w, https:\/\/koenigseggwald.de\/wp-content\/uploads\/2026\/09\/26-32-Friedhofsmauer-700x448.png 700w\" sizes=\"auto, (max-width:767px) 700px, (max-width:1000px) 100vw, 1000px\" \/><\/p>\n<p><img loading=\"lazy\" decoding=\"async\" class=\"alignnone size-full wp-image-6143\" src=\"https:\/\/koenigseggwald.de\/wp-content\/uploads\/2026\/09\/26-32-Friedhofsmauer-1.png\" alt=\"\" width=\"1000\" height=\"640\" srcset=\"https:\/\/koenigseggwald.de\/wp-content\/uploads\/2026\/09\/26-32-Friedhofsmauer-1.png 1000w, https:\/\/koenigseggwald.de\/wp-content\/uploads\/2026\/09\/26-32-Friedhofsmauer-1-300x192.png 300w, https:\/\/koenigseggwald.de\/wp-content\/uploads\/2026\/09\/26-32-Friedhofsmauer-1-768x492.png 768w, https:\/\/koenigseggwald.de\/wp-content\/uploads\/2026\/09\/26-32-Friedhofsmauer-1-117x75.png 117w, https:\/\/koenigseggwald.de\/wp-content\/uploads\/2026\/09\/26-32-Friedhofsmauer-1-700x448.png 700w\" sizes=\"auto, (max-width:767px) 700px, (max-width:1000px) 100vw, 1000px\" \/><br \/>\n<em>Unterhalb der Dachziegel ist das leicht abstehende \u201eAttikaprofil\u201c zu erkennen.<\/em><\/p>\n<p><img loading=\"lazy\" decoding=\"async\" class=\"alignnone size-full wp-image-6144\" src=\"https:\/\/koenigseggwald.de\/wp-content\/uploads\/2026\/09\/26-32-Friedhofsmauer-2.jpg\" alt=\"\" width=\"480\" height=\"640\" srcset=\"https:\/\/koenigseggwald.de\/wp-content\/uploads\/2026\/09\/26-32-Friedhofsmauer-2.jpg 480w, https:\/\/koenigseggwald.de\/wp-content\/uploads\/2026\/09\/26-32-Friedhofsmauer-2-225x300.jpg 225w, https:\/\/koenigseggwald.de\/wp-content\/uploads\/2026\/09\/26-32-Friedhofsmauer-2-56x75.jpg 56w\" sizes=\"auto, (max-width:767px) 480px, 480px\" \/><\/p>\n<p>\u00dcber die weiteren Planungen und n\u00e4chsten Schritte zur Friedhofsgestaltung, werden wir Sie auf dem Laufenden halten.<\/p>\n<p>Herzliche Gr\u00fc\u00dfe<\/p>\n<p>Ihre Gemeindeverwaltung<\/p>\n<hr \/>\n<h3>Beschaffung von Gie\u00dfs\u00e4cken<\/h3>\n<p>Als Reaktion auf die anhaltende Trockenheit wurden vom Bauhof mehrere Gie\u00dfs\u00e4cke beschafft, die insbesondere an B\u00e4umen der Gemeinde zum Einsatz kommen, wo nur wenig \u201eBodenfl\u00e4che\u201c zur Wasseraufnahme verf\u00fcgbar ist. Beispielhaft zu nennen sind die B\u00e4ume vor dem Rathaus oder auf Verkehrsinseln.<br \/>\nDie S\u00e4cke wurden bereits angebracht und versorgen die B\u00e4ume auch bei Trockenheit weiter mit Wasser.<\/p>\n<p><img loading=\"lazy\" decoding=\"async\" class=\"alignnone size-full wp-image-6145\" src=\"https:\/\/koenigseggwald.de\/wp-content\/uploads\/2026\/09\/26-32-Giesssaecke.png\" alt=\"\" width=\"1000\" height=\"640\" srcset=\"https:\/\/koenigseggwald.de\/wp-content\/uploads\/2026\/09\/26-32-Giesssaecke.png 1000w, https:\/\/koenigseggwald.de\/wp-content\/uploads\/2026\/09\/26-32-Giesssaecke-300x192.png 300w, https:\/\/koenigseggwald.de\/wp-content\/uploads\/2026\/09\/26-32-Giesssaecke-768x492.png 768w, https:\/\/koenigseggwald.de\/wp-content\/uploads\/2026\/09\/26-32-Giesssaecke-117x75.png 117w, https:\/\/koenigseggwald.de\/wp-content\/uploads\/2026\/09\/26-32-Giesssaecke-700x448.png 700w\" sizes=\"auto, (max-width:767px) 700px, (max-width:1000px) 100vw, 1000px\" \/><\/p>\n<hr \/>\n<h3>Bundesweiter Warntag \u2013 10.09.2026<\/h3>\n<p>Liebe B\u00fcrgerinnen und B\u00fcrger,<\/p>\n<p>Am <strong><u>10.09.2026<\/u><\/strong> wird wieder der bundesweite Warntag stattfinden.<\/p>\n<p>Dies bedeutet, dass durch das Bundesamt f\u00fcr Bev\u00f6lkerungsschutz und Katastrophenhilfe die Ausl\u00f6sung einer Bev\u00f6lkerungswarnung durchgef\u00fchrt wird. Ziel hierbei ist es, die technische Warninfrastruktur einem \u201eStresstest\u201c zu unterziehen.<\/p>\n<p>Die Warnung wird um <strong><u>11:00 Uhr<\/u><\/strong> erfolgen.<\/p>\n<p>Die Systeme des Modularen Warnsystems (MoWaS \u00f0 Warn-App NINA, Cell-Broadcast, Rundfunkdurchsagen etc.) werden zentral durch das Bundesamt f\u00fcr Bev\u00f6lkerungsschutz und Katastrophenhilfe ausgel\u00f6st.<\/p>\n<p>In der Gemeinde K\u00f6nigseggwald wird zudem die Sirenenanlage auf dem Rathaus ausgel\u00f6st bzw. aktiviert werden.<\/p>\n<p>Um 11:45 Uhr wird die Nationale Warnzentrale \u00fcber MoWaS wieder entwarnen.<\/p>\n<p>F\u00fcr die Bev\u00f6lkerung aufgearbeitete Informationen zum Warntag hat das Bundesamt f\u00fcr Bev\u00f6lkerungsschutz und Katastrophenhilfe unter <a href=\"http:\/\/www.bundesweiter-warntag.de\" target=\"_blank\" rel=\"noopener\">www.bundesweiter-warntag.de<\/a> zusammengefasst.<\/p>\n<p>Wir bitten um Beachtung.<\/p>\n<p>Ihre Gemeindeverwaltung<\/p>\n<hr \/>\n<h3>Mitteilung des Landratsamts Ravensburg &#8211; Wasserentnahmen weiterhin untersagt<\/h3>\n<p>Kreis Ravensburg \u2013 Der Landkreis Ravensburg verl\u00e4ngert das Verbot zur Entnahme von Wasser aus Seen und Fl\u00fcssen vorerst bis zum 15. Oktober 2026. Das bedeutet, dass es verboten ist, Wasser zu eigenen Zwecken aus einem Bach, Fluss oder See zu entnehmen. Das Entnahmeverbot betrifft auch diejenigen Personen und Unternehmen, die eine beh\u00f6rdliche Erlaubnis haben, Wasser aus einem oberirdischen Gew\u00e4sser zu entnehmen, um beispielsweise Felder zu bew\u00e4ssern. Das Verbot gilt auch dann, wenn an den jeweiligen Entnahmestellen noch vermeintlich ausreichend Wasser vorhanden ist. Vom Verbot ausgenommen sind lediglich das Tr\u00e4nken von Vieh sowie das Sch\u00f6pfen mit Handgef\u00e4\u00dfen. Es wird, insbesondere an kleinen Gew\u00e4ssern, gebeten, auch darauf zu verzichten.<\/p>\n<p>Aufgrund nur geringer Niederschl\u00e4ge und anhaltender Trockenheit f\u00fchren viele B\u00e4che und Fl\u00fcsse im Landkreis Ravensburg weiterhin sehr wenig Wasser. Durch die niedrigen Wasserst\u00e4nde wird die Gew\u00e4sser\u00f6kologie beeintr\u00e4chtigt, Fische, Kleinlebewesen und Wasserpflanzen leiden zudem unter ansteigenden Gew\u00e4ssertemperaturen.<\/p>\n<p>Die Allgemeinverf\u00fcgung ist verf\u00fcgbar unter <a href=\"https:\/\/www.rv.de\/bekanntmachungen\" target=\"_blank\" rel=\"noopener\">www.rv.de\/bekanntmachungen<\/a><\/p>\n<hr \/>\n<h3>Kloster Habsthal<\/h3>\n<p><strong>Die faszinierende Geschichte von Kloster Habsthal entdecken<\/strong>.<br \/>\nZum Tag des offenen Denkmals, am Sonntag, 13. September 2026, l\u00e4dt Kloster Habsthal zu einer F\u00fchrung ein<br \/>\n<strong>Ostrach\/Hasthal<\/strong>. Wer sich schon immer gefragt hat, was sich hinter den Klostermauern in Kloster Habsthal verbirgt, hat jetzt Gelegenheit dazu, einen Blick hinter die Kulissen zu werfen.<br \/>\n<strong>Zum Tag des offenen Denkmals, am Sonntag, den 13. September 2026, l\u00e4dt auch Kloster Habsthal, Klosterstr. 11, 88356 Ostrach-Habsthal, ab 14 Uhr zu einer F\u00fchrung ein<\/strong>.<br \/>\nPriorin Kornelia Kreidler erm\u00f6glicht nicht nur einen besonderen Blick hinter die Kulissen des Klosters und der dazu geh\u00f6rigen Oberschw\u00e4bischen Barockkirche. Sie wird auch faszinierende Anekdoten und historische Begebenheiten \u00fcber Kloster und Barockkirche zu berichten wissen.<\/p>\n<p><strong>Eine Anmeldung ist erforderlich<\/strong> unter unter 07585 \/ 656 oder <a href=\"mailto:info@kloster-habsthal.de\" target=\"_blank\" rel=\"noopener\">info@kloster-habsthal.de<\/a><\/p>\n<p><strong>Dauer:<\/strong> zwei bis zweieinhalb Stunden<\/p>\n<p><strong>Eintritt:<\/strong> 10\u20ac, f\u00fcr Sch\u00fcler und Studierende erm\u00e4\u00dfigt 7\u20ac.<\/p>\n<hr \/>\n<h3>Naturschutzzentrum Wilhelmsdorf<\/h3>\n<p>Vom <strong>20. Juli bis zum 30. September<\/strong> zeigen wir die <strong>Ausstellung ,,Unsere Moore \u2013 faszinierend, vielf\u00e4ltig, unverzichtbar\u2018\u2018<\/strong> des Bayrischen Landesamtes f\u00fcr Umwelt. Sie gibt einen guten \u00dcberblick \u00fcber die Entwicklung der Moore und ihre besonderen Funktionen am Beispiel der Moore Bayerns. Lassen Sie sich dar\u00fcber informieren, wie wir selbst beim Moorschutz aktiv werden k\u00f6nnen! Der Eintritt ist frei.<\/p>\n<p>Am <strong>06. September<\/strong>d\u00fcrfen Sie in einer <strong>\u00f6ffentlichen F\u00fchrung<\/strong> das Gebiet um den <strong>Bannwaldturm<\/strong> im Pfrunger-Burgweiler Ried zusammen mit Moorf\u00fchrerin Christine Leonhardt n\u00e4her kennenlernen. Am Bannwaldturm betreut ein\/e Moorf\u00fchrer*in ab 13 Uhr den Infopoint. Die <strong>F\u00fchrung startet direkt am Turm um 14 Uhr<\/strong> und dauert ca. 1,5 Stunden. Kosten: 5 \u20ac (erm. 2,50\u20ac). <strong>Keine Anmeldung erforderlich!<\/strong><\/p>\n<p>Au\u00dferdem bieten wir in unserem Ferienprogramm, am <strong>07. September<\/strong>, eine spielerische Naturbegegnung von <strong>9:30 bis 12 Uhr<\/strong> an. Hier entdecken Kinder zwischen 6 und 8 Jahren, in Begleitung Erwachsener die Vielfalt der Tiere und Pflanzen mit viel Spiel, Spa\u00df und Kreativit\u00e4t. Bitte mitbringen: Wettergerechte Kleidung und Schuhe, Snack, Trinken, evtl. Sitzunterlage und Sonnenschutz. <strong>Eine Anmeldung ist ausschlie\u00dflich \u00fcber die Website der Gemeinde Wilhelmsdorf m\u00f6glich<\/strong>. Kosten: 5\u20ac<\/p>\n<p>Am <strong>19. September<\/strong>, von <strong>14 bis 18 Uhr<\/strong>, l\u00e4dt das Naturschutzzentrum Wilhelmsdorf zu der Kr\u00e4uterf\u00fchrung: <strong>&#8222;B\u00e4ume und Str\u00e4ucher f\u00fcr die Gesundheit&#8220;<\/strong> mit Agnes Weiss ein. Hier werden die verschiedenen B\u00e4ume und Str\u00e4ucher mit ihren Wirkungen und Verwendungszwecken vorgestellt. F\u00fcr die Gesundheit wird ein Wildfr\u00fcchte-Essig angesetzt. Bitte mitbringen: wettergerechte Kleidung, Holzbrett, Messer, Trinkbecher. Kosten: 25\u20ac incl. Skript und Material. <strong>Anmeldung erforderlich!<\/strong><\/p>\n<p>Am <strong>20. September<\/strong> findet die letzte \u00f6ffentlichen F\u00fchrung des Jahres 2026 statt. Hier k\u00f6nnen Sie das Gebiet um den Bannwaldturm im Pfrunger-Burgweiler Ried zusammen mit Moorf\u00fchrer Erwin Burth n\u00e4her kennenlernen. Am Bannwaldturm betreut ein\/e Moorf\u00fchrer*in ab 13 Uhr den Infopoint. Die F\u00fchrung startet direkt am Turm um 14 Uhr und dauert ca. 1,5 Stunden. Kosten: 5 \u20ac (erm. 2,50\u20ac). <strong>Keine Anmeldung erforderlich!<\/strong><\/p>\n<p>An Wochenenden und Feiertagen l\u00e4dt die <strong>leckere Kuchentheke<\/strong> am Naturschutzzentrum zum Verweilen und Genie\u00dfen ein, unter der Woche gibt es Snacks und s\u00fc\u00dfes Geb\u00e4ck.<\/p>\n<p>Unser Infotheken-Team begr\u00fc\u00dft Sie zu den g\u00e4ngigen \u00d6ffnungszeiten Dienstag bis Freitag, 13:30-17:00 Uhr, am Wochenende und Feiertagen von 10:00-17:00 Uhr.<\/p>\n<p>Weitere Informationen zu Veranstaltungen finden Sie auf unserer Homepage <a href=\"https:\/\/pfrunger-burgweiler-ried.de\/\" target=\"_blank\" rel=\"noopener\">https:\/\/pfrunger-burgweiler-ried.de\/<\/a><\/p>\n<hr \/>\n<h3>Vereinsnachrichten<\/h3>\n<h4><u>Kinderkleiderbasar \u201eRund ums Kind\u201c mit Storchenzeit in K\u00f6nigseggwald!<\/u><\/h4>\n<p>Am Samstag, <strong>12. September 2026<\/strong>, veranstaltet das Basar-Team im <strong>B\u00fcrgersaal<\/strong> <strong>(Rathaus<\/strong>) in K\u00f6nigseggwald wieder seinen beliebten Herbst-Kinderkleiderbasar mit Schwangerschaftskleidung.<\/p>\n<p>Zum Verkauf kommen <strong>gut erhaltene und moderne Herbst- und Winterbekleidung f\u00fcr Kinder, <\/strong>Schwangerschaftskleidung sowie alles rund ums Kind: <strong>Babyausstattung, Autositze, Kinderwagen, Spielwaren, Sport- und Wintersportartikel, Faschingskost\u00fcme <\/strong>und vieles mehr.<\/p>\n<p><strong>Storchenzeit \u2013 Verkauf f\u00fcr Schwangere:<\/strong><\/p>\n<p><strong>Samstag, den 12.09.2026 bereits ab 12.00 Uhr<\/strong><\/p>\n<p><strong>Verkauf f\u00fcr alle:<\/strong><\/p>\n<p><strong>Samstag, den 12.09.2026 von 13.00 Uhr bis 15.00 Uhr<\/strong><\/p>\n<p>W\u00e4hrend des Verkaufs am Samstagnachmittag gibt es au\u00dferdem <strong>leckeren Kuchen zum Mitnehmen.<\/strong><\/p>\n<p>Wir freuen uns auf zahlreiche Besucherinnen und Besucher!<\/p>\n<p><strong>Euer Basar-Team K\u00f6nigseggwald <\/strong><\/p>\n<hr \/>\n<h4>Naturschutzgruppe &#8222;Pro Natur&#8220;<\/h4>\n<p>Am 11. August war es endlich so weit: die Aufstellung des XXL-Insektenhotels auf der gemeindeeigenen Bl\u00fchfl\u00e4che konnte beginnen.<\/p>\n<p>Die Mitglieder der Naturschutzgruppe \u201ePRO NATUR\u201c stellten mit vereinten Kr\u00e4ften das Insektenhotel auf und sicherten es auch gleich gegen Sturm und Wetter.<br \/>\nEin besonderer Dank gilt Vater und Sohn Uhl, die aufgrund der Gr\u00f6\u00dfe und des Gewichts des Insektenhotels mit schwerem Ger\u00e4t anr\u00fcckten sowie der Gemeinde K\u00f6nigseggwald, die PRO NATUR die Fl\u00e4che unentgeltlich f\u00fcr den Naturschutz zur Verf\u00fcgung stellt.<\/p>\n<p>Ein Insektenhotel bietet sehr vielen Insektenarten &#8211; vom K\u00e4fer \u00fcber Schmetterlinge bis hin zu seltenen Wildbienen-Arten &#8211; selten gewordene Brutm\u00f6glichkeiten und Winterquartiere. Insektenhotels sind auch in kleinsten G\u00e4rten und in unterschiedlichsten Gr\u00f6\u00dfen ein wichtiger Baustein f\u00fcr die Erhaltung der Artenvielfalt.<\/p>\n<p>PRO NATUR steht interessierten B\u00fcrgern gerne mit Rat und Tat zur Seite, bspw. wenn es um den idealen Standort des Insektenhotels auf dem Grundst\u00fcck geht.<\/p>\n<p>P.S. Eine Sch\u00fcssel mit frischem Wasser ist besonders im Sommer f\u00fcr Insekten, V\u00f6gel und Igel geradezu \u00fcberlebenswichtig.<\/p>\n<p><img loading=\"lazy\" decoding=\"async\" class=\"alignnone size-full wp-image-6146\" src=\"https:\/\/koenigseggwald.de\/wp-content\/uploads\/2026\/09\/26-32-Pro-Natur.jpg\" alt=\"\" width=\"1580\" height=\"910\" srcset=\"https:\/\/koenigseggwald.de\/wp-content\/uploads\/2026\/09\/26-32-Pro-Natur.jpg 1580w, https:\/\/koenigseggwald.de\/wp-content\/uploads\/2026\/09\/26-32-Pro-Natur-300x173.jpg 300w, https:\/\/koenigseggwald.de\/wp-content\/uploads\/2026\/09\/26-32-Pro-Natur-1024x590.jpg 1024w, https:\/\/koenigseggwald.de\/wp-content\/uploads\/2026\/09\/26-32-Pro-Natur-768x442.jpg 768w, https:\/\/koenigseggwald.de\/wp-content\/uploads\/2026\/09\/26-32-Pro-Natur-1536x885.jpg 1536w, https:\/\/koenigseggwald.de\/wp-content\/uploads\/2026\/09\/26-32-Pro-Natur-130x75.jpg 130w, https:\/\/koenigseggwald.de\/wp-content\/uploads\/2026\/09\/26-32-Pro-Natur-700x403.jpg 700w\" sizes=\"auto, (max-width:767px) 700px, (max-width:1580px) 100vw, 1580px\" \/><\/p>\n<hr \/>\n<h4>Musikverein K\u00f6nigseggwald<\/h4>\n<p><strong>Altpapiersammlung<\/strong><br \/>\nDer F\u00f6rderverein des Musikvereins f\u00fchrt am Samstag, 05.09.2025 ab 09:00 Uhr wieder eine Altpapiersammlung durch. Bitte legen Sie Ihr Altpapier bis 09:00 Uhr geb\u00fcndelt am Stra\u00dfenrand zur Abholung bereit. Mit Ihrer \u201eAltpapierspende\u201c unterst\u00fctzen Sie die Jugendarbeit des Musikvereins.<br \/>\n<strong>Termine f\u00fcr Altpapiersammlungen (jeweils ab 9:00 Uhr)<\/strong><br \/>\n05.12.2025<\/p>\n<p><strong>Schuppenfest in Laubbach<\/strong><br \/>\nAuch dieses Jahr findet am 13.09.2025 unser traditionelles Schuppenfest in Laubbach statt!<br \/>\nWir freuen uns, euch ab 11 Uhr in der Maschinenhalle der Familie M\u00fcller begr\u00fc\u00dfen zu d\u00fcrfen!<br \/>\nEuch erwartet Live Blasmusik, Mittagstisch, ofenfrische Dinnete, Steakbraterei und nat\u00fcrlich Kaffee und Kuchen!<br \/>\nDer F\u00f6rderverein des Musikvereins K\u00f6nigseggwald freut sich auf euer Kommen![\/vc_column_text][\/vc_column][\/vc_row][vc_row disable_element=&#8220;yes&#8220;][vc_column width=&#8220;1\/2&#8243;][vc_single_image image=&#8220;3739&#8243; img_size=&#8220;medium&#8220;][\/vc_column][vc_column width=&#8220;1\/2&#8243;][vc_single_image image=&#8220;3743&#8243; img_size=&#8220;medium&#8220;][\/vc_column][\/vc_row][vc_row disable_element=&#8220;yes&#8220;][vc_column][vc_column_text]<strong>Kath. Kindergarten St. Georg <\/strong>Seit dem 22. Februar 2021 arbeiten wir im \u201eRegelbetrieb unter Pandemiebedingungen\u201c. Seit diesem Tag d\u00fcrfen wieder alle Kinder zu ihren gewohnten Zeiten zu uns in den Kindergarten kommen. Die bereits seit langem geltenden Hygienema\u00dfnahmen werden konsequent umgesetzt. F\u00fcr die Kinder ist vieles zur Routine geworden: Das vermehrte H\u00e4nde waschen, vor allem beim Betreten und Verlassen des Kindergartens. Sich an der Eingangst\u00fcre von Mama oder Papa zu verabschieden weil Eltern nicht in den Kindergarten kommen d\u00fcrfen, dass sie ihr Essen nicht teilen d\u00fcrfen und sich nicht selbst Essen sch\u00f6pfen d\u00fcrfen und vieles mehr. Dass wir Erzieherinnen im Kindergarten bei Begegnungen untereinander eine Mundschutzmaske tragen, ist f\u00fcr die Kinder inzwischen ein gewohntes Bild. Erfreulicherweise hatten wir bis heute keine Corona positiven Kinder zu vermelden \u2013 wir hoffen, dass dies auch nicht eintreten wird. Sollte dies der Fall werden, liegt ein exakter Handlungsplan vor, nach welchem wir als Kindergarten handeln m\u00fcssen.Seit der ersten M\u00e4rzwoche kommt einmal pro Woche ein geschulter Mitarbeiter der Hodrus`schen Apotheke zu uns in den Pfarrsaal, und nimmt einen Schnelltest von uns p\u00e4dagogischen Mitarbeiterinnen.In der t\u00e4glichen Arbeit mit den Kindern ist die religi\u00f6se Erziehung mit der Vorbereitung auf Ostern und Palmsonntag unser Schwerpunkt. Alles rund um Osterhasen, H\u00fchnern, Eiern ist f\u00fcr die Kinder spannend und lassen sich daf\u00fcr begeistern. Aber auch Bilder und Geschichten zu Jesu Einzug in Jerusalem faszinieren die Kinder sehr.N\u00e4here Informationen zum Palmsonntag k\u00f6nnen Sie nachfolgend lesen.Ihr Erzieherinnenteam <strong>Kath. Kindergarten St. Georg <\/strong>Seestra\u00dfe 2, 88376 K\u00f6nigseggwald Tel.: 07587\/535 email: kindergarten-st.georg@gmx.de<br \/>\n<strong>Von einer neuen Wegstrecke<\/strong><em>Du unbekannter Weg, deinetwegen lasse ich Vergangenes zur\u00fcck. Doch manches was mir kostbar ist, nehme ich mit, es redet zu mir und st\u00e4rkt mich. Menschen, die ich mag, bleiben zur\u00fcck, aber ihre guten W\u00fcnsche gehen mit mir.<\/em><em>Du unbekannter Weg, ich komme. Was werde ich auf Dir finden?<\/em><em>Einmal, in Jahren, werde ich auf diese Wegstrecke zur\u00fcckschauen. Ich w\u00fcnsche mir, dass ich dann sagen kann: Genau das war mein Weg!<\/em>Wolfgang Longardt<strong>\u00a0<\/strong>Meine T\u00e4tigkeit als Kindergartenleitung hier im kath. Kindergarten St. Georg geht zum 31.M\u00e4rz 2021 zu Ende. Ab 01. April beginne ich als p\u00e4dagogische Mitarbeiterin im Montessori Kindergarten in Wilhelmsdorf. Ich denke mit vielen Erinnerungen an meine Arbeit hier in K\u00f6nigseggwald zur\u00fcck, doch mit gro\u00dfer Vorfreude denke ich an meine neue Aufgabe. Ich freue mich sehr, mich \u00fcberwiegend der Arbeit mit den Kindern widmen zu d\u00fcrfen und den vielf\u00e4ltigen und anspruchsvollen Aufgaben einer Kindergartenleitung den R\u00fccken zu kehren, In der Arbeit mit den Kindern sehe ich meine zuk\u00fcnftige Aufgabe, und auf diesen Wechsel freue ich mich sehr.Am 1. September 2007 fing ich hier als Teilzeitkraft an, und am 01. September 2009 \u00fcbernahm ich die Leitung. An dieser Stelle sage ich ein ganz herzliches \u201eVergelt`s Gott\u201c an alle, welche mich und \u201emeinen\u201c Kindergarten in diesen ganzen Jahren in irgendeiner Form unterst\u00fctzten, mit mir kompetent und zielorientiert kooperierten, und mir ihr Vertrauen geschenkt haben.Ich w\u00fcnsche meinem Team, dem Tr\u00e4ger, Herrn B\u00fcrgermeister Fuchs und unserer KBV Frau Weber vom Verwaltungszentrum weiterhin ein vertrauensvolles, kompetentes Miteinander.Ihnen allen w\u00fcnsche ich f\u00fcr die Zukunft alles Gute, viel Gesundheit und vor allem viel Optimismus und Durchhalteverm\u00f6gen in dieser Zeit der Pandemie.Sabine Kemmer<strong>\u00a0<\/strong><strong>Palmenverkauf<\/strong>Am Palmsonntag verkaufen wir, die Eltern der St. Georg Kindergartenkinder, vor der Kirche wieder kleine handgefertigte Palmen f\u00fcr 2,50\u20ac.Wer m\u00f6chte, kann die Palmen auch gerne ab Samstag, den 27.03.2021 im Treffpunkt Manz oder in Rimmele`s Hofladen kaufen.Wir werden jeweils ein K\u00e4sschen aufstellen, daher bitten wir Sie, den Betrag passend mitzubringen.Da die Kinder flei\u00dfig mithelfen, geht nat\u00fcrlich der gesamte Gewinn an den St. Georg Kindergarten.Der ElternbeiratHosianna!Gelobt sei, der da kommt in dem Namen des Herrn,der K\u00f6nig von Israel!<img loading=\"lazy\" decoding=\"async\" class=\"size-full wp-image-3749 alignnone\" src=\"https:\/\/homepage-qkr4bkkudr.live-website.com\/wp-content\/uploads\/2021\/03\/palmesel.jpg.png\" alt=\"\" width=\"368\" height=\"380\" srcset=\"https:\/\/koenigseggwald.de\/wp-content\/uploads\/2021\/03\/palmesel.jpg.png 368w, https:\/\/koenigseggwald.de\/wp-content\/uploads\/2021\/03\/palmesel.jpg-291x300.png 291w, https:\/\/koenigseggwald.de\/wp-content\/uploads\/2021\/03\/palmesel.jpg-141x146.png 141w, https:\/\/koenigseggwald.de\/wp-content\/uploads\/2021\/03\/palmesel.jpg-48x50.png 48w, https:\/\/koenigseggwald.de\/wp-content\/uploads\/2021\/03\/palmesel.jpg-73x75.png 73w\" sizes=\"auto, (max-width:767px) 368px, 368px\" \/>Hosianna!Gelobt sei, der da kommt in dem Namen des Herrn,der K\u00f6nig von Israel! Joh 12, 12<strong>\u00a0<\/strong><strong>\u00a0<\/strong><strong>Kindergarten St. Georg<\/strong><strong>Verabschiedung Frau Kemmer<\/strong><br \/>\nIm Kindergarten St. Georg gibt es Ver\u00e4nderungen. BM Fuchs und Frau Geser verabschiedeten im Rahmen einer Teamsitzung Kindergartenleitung Frau Kemmer.Wir m\u00f6chten an dieser Stelle die Gelegenheit nutzen, Frau Kemmer f\u00fcr die Zeit im Kindergarten St. Georg ein herzliches Dankesch\u00f6n auszusprechen. Sie hat unseren Kindergarten \u00fcber 11 Jahre mit viel Engagement, Kreativit\u00e4t und viel Freude geleitet. Danke sagen m\u00f6chten wir auch f\u00fcr die gute Zusammenarbeit zwischen der Kirchengemeinde und dem Kindergarten, immer in guter Kooperation mit der b\u00fcrgerlichen Gemeinde, die Begleitung der Kinder in K\u00f6nigseggwald und das gute Miteinander mit den Eltern.Wir w\u00fcnschen Frau Kemmer f\u00fcr die Zukunft alles Gute und viel Freude in Ihrer\u00a0 neuen Arbeitsstelle und dass Sie unseren Kindergarten\u00a0 doch ein bisschen im Herzen beh\u00e4lt.F\u00fcr die KirchengemeindeMartina Geser, gew\u00e4hlte Vorsitzende<img loading=\"lazy\" decoding=\"async\" class=\"size-medium wp-image-3747 alignnone\" src=\"https:\/\/homepage-qkr4bkkudr.live-website.com\/wp-content\/uploads\/2021\/03\/image0-300x225.jpeg\" alt=\"\" width=\"300\" height=\"225\" srcset=\"https:\/\/koenigseggwald.de\/wp-content\/uploads\/2021\/03\/image0-300x225.jpeg 300w, https:\/\/koenigseggwald.de\/wp-content\/uploads\/2021\/03\/image0-768x576.jpeg 768w, https:\/\/koenigseggwald.de\/wp-content\/uploads\/2021\/03\/image0-195x146.jpeg 195w, https:\/\/koenigseggwald.de\/wp-content\/uploads\/2021\/03\/image0-50x38.jpeg 50w, https:\/\/koenigseggwald.de\/wp-content\/uploads\/2021\/03\/image0-100x75.jpeg 100w, https:\/\/koenigseggwald.de\/wp-content\/uploads\/2021\/03\/image0-960x720.jpeg 960w, https:\/\/koenigseggwald.de\/wp-content\/uploads\/2021\/03\/image0.jpeg 1024w\" sizes=\"auto, (max-width:767px) 300px, 300px\" \/><br \/>\n<strong>Osterkerzenverkauf der Ministranten K\u00f6nigseggwald<\/strong>Liebe Gemeindemitglieder,wie jedes Jahr verkaufen die Ministranten traditionell die selbst hergestellten Osterkerzen. Unter Pandemiebedienungen ist alles anders.Sie haben die M\u00f6glichkeit die gesegneten Osterkerzen von Pfarrer Jeeson ab sofort im Treffpunkt Manz in K\u00f6nigseggwald f\u00fcr 3\u20ac zu erwerben. Der Erl\u00f6s kommt den Ministranten in K\u00f6nigseggwald zu Gute. Gerne bringen wir Ihnen auch eine Kerze nach Hause. Melden Sie sich dazu bitte bei Fam. Geser Tel: 07587-950732Wir w\u00fcnschen Ihnen eine gesegnete Osterzeit und bleiben Sie gesund.Ihre Ministranten aus K\u00f6nigseggwald<br \/>\n<strong><u>Vereinsnachrichten:<\/u><\/strong><strong>Fanfarenzug K\u00f6nigseggwald<\/strong><strong><u>Der Weg ist das Ziel!<\/u><\/strong><\/p>\n<ul>\n<li style=\"list-style-type: none;\">\n<ul>\n<li style=\"list-style-type: none;\">\n<ol start=\"40\">\n<li><strong><u> \u201einoffizieller\u201c K\u00f6nigseggwalder Osterlauf am<br \/>\n03. April 2021<\/u><\/strong><\/li>\n<\/ol>\n<\/li>\n<\/ul>\n<\/li>\n<\/ul>\n<p>Leider kann der Osterlauf K\u00f6nigseggwald dieses Jahr wieder nicht stattfinden. Jedoch lassen es sich ein paar K\u00f6nigseggwalder L\u00e4ufer sich diese Tradition nicht nehmen und laufen auf eigene Faust.Wir laden alle laufbegeisterten mit dazu ein diese Tradition am Leben zu erhalten. Jeder der mitmachen will, startet selbst\u00e4ndig wie gewohnt im Kapellenweg egal zu welcher Uhrzeit, stoppt selbst seine Zeit und teilt je nach belieben seinen Erfolg in der WhatsApp Gruppe <strong>\u201eCorona Osterlauf 2021\u201c<\/strong> unter dem Link<a href=\"https:\/\/chat.whatsapp.com\/EcCEy8uhEO63usH4pRXq3V\">https:\/\/chat.whatsapp.com\/EcCEy8uhEO63usH4pRXq3V<\/a>Bitte haltet beim laufen die geltenden Corona Regeln ein, und sammelt euch bitte nicht am Start\/Ziel und bildet bitte keine Gruppen. Der Weg ist nicht Ausgeschildert und es gibt keine Streckenposten f\u00fcr Verpflegung.Die L\u00e4ufer starten auf eigene Gefahr und wir w\u00fcnschen allen viel Erfolg, und hoffen Euch, n\u00e4chstes Jahr bei einem gemeinsamen Start wieder zu sehen.[\/vc_column_text][\/vc_column][\/vc_row][vc_row full_width=&#8220;stretch_row&#8220; content_placement=&#8220;middle&#8220; css=&#8220;.vc_custom_1531395182556{margin-bottom: 80px !important;background-color: rgba(30,115,190,0.14) !important;*background-color: rgb(30,115,190) !important;}&#8220;][vc_column][vc_column_text]Den gesamten Verbandsanzeiger und das Katholische Kirchenblatt k\u00f6nnen Sie direkt bei der Druckerei Restle bestellen:<strong>Druck und Verlag &#8211; Fa. Restle GmbH<\/strong><br \/>\nHindenburgstr. 40-42,<br \/>\n88361 Altshausen<br \/>\nTelefon : 07584 \/ 3507 &#8211; Fax : 07584 \/ 2745<strong><a href=\"mailto:restle-druck@t-online.de\">restle-druck@t-online.de<\/a><\/strong>[\/vc_column_text][\/vc_column][\/vc_row][vc_row][\/vc_row][vc_column][\/vc_column][vc_wp_text][\/vc_wp_text]<\/p>\n","protected":false},"excerpt":{"rendered":"<p>[vc_row css=&#8220;.vc_custom_1531391917905{background-color: #ededed !important;}&#8220;][vc_column][vc_custom_heading text=&#8220;K\u00f6nigseggwalder Verbandsanzeiger&#8220; font_container=&#8220;tag:h2|text_align:center&#8220; google_fonts=&#8220;font_family:Roboto%3A100%2C100italic%2C300%2C300italic%2Cregular%2Citalic%2C500%2C500italic%2C700%2C700italic%2C900%2C900italic|font_style:400%20regular%3A400%3Anormal&#8220;][\/vc_column][\/vc_row][vc_row css=&#8220;.vc_custom_1531392462926{margin-top: -30px !important;background-color: #ededed !important;}&#8220;][vc_column width=&#8220;1\/3&#8243;][\/vc_column][vc_column width=&#8220;1\/3&#8243;][vc_custom_heading<span class=\"excerpt-hellip\"> [\u2026]<\/span><\/p>\n","protected":false},"author":6,"featured_media":1792,"comment_status":"closed","ping_status":"closed","sticky":false,"template":"","format":"standard","meta":{"footnotes":""},"categories":[11],"tags":[],"class_list":["post-6139","post","type-post","status-publish","format-standard","has-post-thumbnail","hentry","category-verbandsanzeiger"],"_links":{"self":[{"href":"https:\/\/koenigseggwald.de\/index.php\/wp-json\/wp\/v2\/posts\/6139","targetHints":{"allow":["GET"]}}],"collection":[{"href":"https:\/\/koenigseggwald.de\/index.php\/wp-json\/wp\/v2\/posts"}],"about":[{"href":"https:\/\/koenigseggwald.de\/index.php\/wp-json\/wp\/v2\/types\/post"}],"author":[{"embeddable":true,"href":"https:\/\/koenigseggwald.de\/index.php\/wp-json\/wp\/v2\/users\/6"}],"replies":[{"embeddable":true,"href":"https:\/\/koenigseggwald.de\/index.php\/wp-json\/wp\/v2\/comments?post=6139"}],"version-history":[{"count":3,"href":"https:\/\/koenigseggwald.de\/index.php\/wp-json\/wp\/v2\/posts\/6139\/revisions"}],"predecessor-version":[{"id":6147,"href":"https:\/\/koenigseggwald.de\/index.php\/wp-json\/wp\/v2\/posts\/6139\/revisions\/6147"}],"wp:featuredmedia":[{"embeddable":true,"href":"https:\/\/koenigseggwald.de\/index.php\/wp-json\/wp\/v2\/media\/1792"}],"wp:attachment":[{"href":"https:\/\/koenigseggwald.de\/index.php\/wp-json\/wp\/v2\/media?parent=6139"}],"wp:term":[{"taxonomy":"category","embeddable":true,"href":"https:\/\/koenigseggwald.de\/index.php\/wp-json\/wp\/v2\/categories?post=6139"},{"taxonomy":"post_tag","embeddable":true,"href":"https:\/\/koenigseggwald.de\/index.php\/wp-json\/wp\/v2\/tags?post=6139"}],"curies":[{"name":"wp","href":"https:\/\/api.w.org\/{rel}","templated":true}]}}