{"id":5925,"date":"2026-04-29T09:43:00","date_gmt":"2026-04-29T07:43:00","guid":{"rendered":"https:\/\/koenigseggwald.de\/?p=5925"},"modified":"2026-04-29T09:43:00","modified_gmt":"2026-04-29T07:43:00","slug":"verbandsanzeiger-29-04-2026","status":"publish","type":"post","link":"https:\/\/koenigseggwald.de\/index.php\/verbandsanzeiger-29-04-2026\/","title":{"rendered":"Verbandsanzeiger 29.04.2026"},"content":{"rendered":"<p>[vc_row css=&#8220;.vc_custom_1531391917905{background-color: #ededed !important;}&#8220;][vc_column][vc_custom_heading text=&#8220;K\u00f6nigseggwalder Verbandsanzeiger&#8220; font_container=&#8220;tag:h2|text_align:center&#8220; google_fonts=&#8220;font_family:Roboto%3A100%2C100italic%2C300%2C300italic%2Cregular%2Citalic%2C500%2C500italic%2C700%2C700italic%2C900%2C900italic|font_style:400%20regular%3A400%3Anormal&#8220;][\/vc_column][\/vc_row][vc_row css=&#8220;.vc_custom_1531392462926{margin-top: -30px !important;background-color: #ededed !important;}&#8220;][vc_column width=&#8220;1\/3&#8243;][\/vc_column][vc_column width=&#8220;1\/3&#8243;][vc_custom_heading text=&#8220;29.04.2026&#8243; font_container=&#8220;tag:h4|font_size:14|text_align:center&#8220; google_fonts=&#8220;font_family:Roboto%3A100%2C100italic%2C300%2C300italic%2Cregular%2Citalic%2C500%2C500italic%2C700%2C700italic%2C900%2C900italic|font_style:400%20regular%3A400%3Anormal&#8220;][\/vc_column][vc_column width=&#8220;1\/3&#8243;][\/vc_column][\/vc_row][vc_row css=&#8220;.vc_custom_1531392125335{padding-right: 20px !important;padding-left: 20px !important;background-color: rgba(0,0,0,0.06) !important;*background-color: rgb(0,0,0) !important;border-radius: 3px !important;}&#8220;][vc_column css=&#8220;.vc_custom_1643727178395{border-radius: 3px !important;}&#8220;][vc_column_text]<\/p>\n<h3>Aus der Gemeinderatssitzung vom 16.04.2026<\/h3>\n<p><strong>1. B\u00fcrgerfragestunde<\/strong><br \/>\n<strong>B\u00fcrgermeister Endriss begr\u00fc\u00dft die anwesenden B\u00fcrgerinnen und B\u00fcrger und teilt mit<\/strong>, dass keine schriftlichen Anfragen gestellt wurden.<br \/>\n<em>Anmerkung: Die Antworten des Vorsitzenden sind kursiv im Anschluss an die jeweilige Frage angef\u00fcgt.<\/em><br \/>\nEs werden folgende Fragen gestellt:<br \/>\no warum im Bebauungsplan Ozetweiher II der landwirtschaftliche Weg im Osten Richtung Wald (beim Acker mit Christb\u00e4umen oberhalb des Sportplatzes) verschwunden ist bzw. im Plan als Graben\/Wall angegeben ist. Die Flurst\u00fccke die hier angrenzen seien so nicht mehr befahrbar und es h\u00e4tte keine Information an die B\u00fcrger stattgefunden.<br \/>\n<em>Der Vorsitzende f\u00fchrt dazu aus, dass der angesprochene Feldweg mit einem Wall und einem Graben versehen und damit in die Schutzma\u00dfnahmen vor Starkregenereignissen mit einbezogen wird.<\/em><br \/>\n<em>Ziel ist es das Oberfl\u00e4chenwasser in diesem Bereich gezielt um das Baugebiet und vom Ortsrand weg in die R\u00fcckhaltebecken zu leiten.<\/em><br \/>\n<em>Der Feldweg wird im Anschluss an diese Ma\u00dfnahme nicht mehr befahrbar sein \u2013 eine Nutzung als Fu\u00dfweg wird sich erst nach Abschluss der Bauma\u00dfnahmen zeigen.<\/em><br \/>\n<em>Die betroffenen Flurst\u00fccke sind \u00fcber den gegen\u00fcberliegenden \u201eHauptfeldweg\u201c weiterhin normal zug\u00e4nglich und befahrbar, sodass alle Flurst\u00fccke weiterhin zug\u00e4nglich und befahr bzw. bewirtschaftbar sind.<\/em><br \/>\n<em>Dies wurde im Bebauungsplanverfahren betrachtet und ber\u00fccksichtigt.<\/em><br \/>\n<em>Weiterhin gibt der Vorsitzende an, dass dies im Rahmen des Planverfahrens kommuniziert wurde.<\/em><\/p>\n<p>o wie der Friedhof in Zukunft gestaltet wird, da momentan viele freie Fl\u00e4chen vorhanden sind.<br \/>\nwie lange die Grabnutzung dauert, Grabst\u00e4tten laufen ab oder werden aufgel\u00f6st, hierzu konnte vom B\u00fcrger nichts Schriftliches gefunden werden. Es wurde angeregt, die Satzung auf der Homepage zu ver\u00f6ffentlichen.<\/p>\n<p><em>B\u00fcrgermeister Endriss gibt an, dass momentan mehrere Schritte am Friedhof geplant sind. Im ersten Schritt wurde die Aussegnungshalle Instandgesetzt. Im n\u00e4chsten Schritt wird die Friedhofsmauer saniert werden.<\/em><br \/>\n<em>Als dritten Schritt \u2013 hierzu ist Verwaltung bereits im Austausch \u2013 sollen weitere Grabm\u00f6glichkeiten geschaffen werden. Dieser Prozess wird in den n\u00e4chsten Monaten weiter voranschreiten.<\/em><br \/>\n<em>Da die Schaffung neuer Grabm\u00f6glichkeiten eine \u00c4nderung der Friedhofssatzung mit sich bringt, wird diese in diesem Zug ebenfalls \u00fcberarbeitet und angepasst.<\/em><br \/>\n<em>Der Vorsitzende bittet daher noch um Geduld.<\/em><br \/>\n<em>Hinsichtlich der Ruhezeiten gibt der Vorsitzende zur Antwort, sich in der Satzung zu informieren, wie die genauen Regularien sind (Erg\u00e4nzung im Nachgang: Bei Erwachsenen 20 Jahre, bei Kindern 15 Jahre &#8211; bei einem Sterbefall vor dem 10. Lebensjahr). Auch hier kann es ggf. zuk\u00fcnftig Anpassungen geben.<\/em><br \/>\n<em>Hinsichtlich der angefragten Friedhofssatzung sichert der Vorsitzende zu, die Satzung per E-Mail zur Verf\u00fcgung zu stellen.<\/em><br \/>\n<em>Weiterhin soll es auf der Homepage eine neue Rubrik mit Satzungen geben, damit die B\u00fcrgerinnen und B\u00fcrger dort die g\u00fcltigen Satzungen abrufen k\u00f6nnen<\/em><br \/>\n<em>Erg\u00e4nzung: Die neue Rubrik wurde bereits online gestellt (Bekanntmachungen\/Satzungen) und wird in den kommenden Wochen bef\u00fcllt werden.)<\/em><br \/>\n<strong>2. Investitionskostenbeitrag \u2013 Ganztagesausbau SBBZ<\/strong><br \/>\n<strong>Beratung und Beschlussfassung<\/strong><br \/>\nB\u00fcrgermeister Endriss informiert den Gemeinderat, dass inzwischen ein Rechtsanspruch auf Ganztagesbetreuung an den Grundschulen besteht, welcher bis 2029\/2030 f\u00fcr alle Grundschulklassen ausgeweitet wird.<br \/>\nUm diesen Rechtsanspruch zu erf\u00fcllen wird die SBBZ Altshausen ihre R\u00e4umlichkeiten erweitern. Hierzu wurde von der K\u00e4mmerei des GVV Altshausen eine Kalkulation zu den anteiligen Investitionskosten der Gemeinden, die an<br \/>\nder SBBZ beteiligt sind, zusammengestellt.<br \/>\nHieraus ergibt sich ein Anteil der Gemeinde K\u00f6nigseggwald von <strong>8.406,33 \u20ac <\/strong>da zwei Sch\u00fcler aus K\u00f6nigseggwald die Schule besuchen.<\/p>\n<p>Nach ausf\u00fchrlicher Diskussion stimmt der Gemeinderat dem Investitionskostenbeitrag einstimmig zu.<\/p>\n<p><strong>3. Instandsetzungsarbeiten Friedhofsmauer<\/strong><br \/>\n<strong>Angebotssichtung, Beratung und ggf. Beschlussfassung<\/strong><br \/>\nDer Vorsitzende teilt dem Gemeinderat mit, dass 3 Angebote eingegangen sind und mit jedem dieser Anbieter ein Besichtigungstermin vor Ort durchgef\u00fchrt wurde.<br \/>\nNach kurzer Beratung stimmt das Gremium einstimmig f\u00fcr das g\u00fcnstigste Angebot mit <strong>14.723,87 \u20ac<\/strong>, Malerbetrieb Georg M\u00fcller, Bad Saulgau.<br \/>\nDieses Angebot umfasst die Sanierung der Friedhofsmauer inklusive des Setzens einer kleinen Tropfkante im Inneren der Mauer am \u00dcbergang von den Dachziegeln zur Mauer um k\u00fcnftigen Sch\u00e4den bzw. Ablagerungen an der Mauer, verursacht durch Regenwasser, vorzubeugen.<\/p>\n<p><strong>4. Beschaffung Defibrillatoren<\/strong><br \/>\n<strong>Beratung und ggf. Beschlussfassung \u00fcber das weitere Vorgehen, die Beschaffungs- und Finanzierungsm\u00f6glichkeiten und die Standortfrage<\/strong><\/p>\n<p>Aus der Mitte des Gemeinderats wurde in einer fr\u00fcheren Sitzung bereits angeregt, einen Defibrillator anzuschaffen.<\/p>\n<p>Von der Verwaltung wurde die Bj\u00f6rn-Steiger-Stiftung zwecks der Beschaffung kontaktiert und es wurde ein Kooperationspaket zu 3.500 \u20ac pro Standort angeboten; bei zwei Paketen also 7000 \u20ac.<br \/>\nDieses Paket beinhaltet neben den Ger\u00e4ten, den Wandhalterungen f\u00fcr den Au\u00dfenbereich und den Beschilderungen auch f\u00fcr 5 Jahre alle Wartungs- und Instandhaltungsarbeiten (bspw. nach Nutzung, Vandalismus etc.), sowie den Ersatz der Akkus und Elektroden.<br \/>\nZudem beinhaltet das angesprochene Paket jeweils 2 Schulungen j\u00e4hrlich f\u00fcr die Bev\u00f6lkerung f\u00fcr die kommenden 5 Jahre, welche durch die Stiftung angeboten werden.<br \/>\nDer Preis f\u00fcr das Ger\u00e4t und die Au\u00dfenhalterung (ohne Kooperationspaket) w\u00fcrde bei ca. 2100 Euro pro Standort liegen.<br \/>\nNach ausf\u00fchrlicher Information anhand der Pr\u00e4sentation \u00fcber das angebotene Paket der Defibrillatoren beschlie\u00dft der Gemeinderat einstimmig, zwei Defibrillatoren der Steiger Stiftung in Form des Kooperationspakets anzuschaffen.<\/p>\n<p>Als Standorte sollen der Bereich des Rathauses und das neue Feuerwehrhaus in Betracht gezogen werden.<br \/>\nDie genaue Umsetzbarkeit wird gepr\u00fcft, sobald die Ger\u00e4te beschafft und damit die notwendigen Voraussetzungen bekannt sind.<\/p>\n<p>Der Vorsitzende teilt weiter mit, dass mit der Dr. Waldemar-Straub-Stiftung Kontakt aufgenommen wurde. Die Stiftung wird die Beschaffung der Defibrillatoren mit einer Spende i.H.v. 2000 Euro pro Standort \u2013 gesamt also 4000 Euro \u2013 unterst\u00fctzen.<\/p>\n<p>Der Vorsitzende bedankt sich bereits vorab bei der Dr. Waldemar-Straub Stiftung f\u00fcr die Zuwendung.<\/p>\n<p>Es wird aus der Mitte des Gemeinderats angeregt, um weitere Spenden zu werben.<br \/>\nDie Spender k\u00f6nnen dann z.B.: bei den Schulungen \u00fcber die Bedienung des Defibrillators namentlich genannt werden.<\/p>\n<p><strong>5. Bekanntgabe der Ergebnisse des Bieterverfahrens zur Vergabe der<\/strong><br \/>\n<strong>Baupl\u00e4tze Baugebiet Ozetweiher II<\/strong><br \/>\nDer Vorsitzende teilt dem Gemeinderat mit, dass die Vorpr\u00fcfung hierzu vom Vergabeausschuss am 11. M\u00e4rz durchgef\u00fchrt wurde.<br \/>\nEs sind 12 Gebote eingegangen und es konnten 6 Baupl\u00e4tze ( A3, A4, B1, B2, B3 und C1 (die Bezeichnungen beziehen sich auf die im Verfahren genutzten und auf der Homepage ver\u00f6ffentlichten Bauplatzbezeichnungen) vergeben werden.<br \/>\nDie Verwaltung hat 5 Zusagen erhalten. Bauplatz B 2 wurde vom Bieter abgelehnt.<br \/>\nDie Verwaltung hat den Nachr\u00fccker kontaktiert, die Frist f\u00fcr die R\u00fcckmeldung l\u00e4uft heute jedoch noch.<br \/>\nNamen werden von Seiten der Verwaltung nicht genannt.<br \/>\nDie Verwaltung wird die Absagen an die \u00fcbrigen Bieter versenden, sobald der sechste Bauplatz (B2) angenommen wurde bzw. die R\u00fcckmeldung vorliegt.<br \/>\nWenn B 2 so verkauft werden kann wie vorgesehen, liegt der Gesamterl\u00f6s bei ca. 955.000 \u20ac.<br \/>\nEs ist vorgesehen, im Juni mit dem Losverfahren zu beginnen.<\/p>\n<p>Der Gemeinderat nimmt dies wohlwollend zur Kenntnis.<br \/>\n<strong>6. Sachstand zur Erschlie\u00dfung des Baugebiets Ozetweiher II und der<\/strong><br \/>\n<strong>Seestra\u00dfe<\/strong><br \/>\nAnhand einer Pr\u00e4sentation erkl\u00e4rt der Vorsitzende den Sachstand und teilt mit, dass die Bauarbeiten im vorgesehenen Zeitplan liegen und gibt einen kurzen \u00dcberblick mit aktuellen Bildern der Baustelle.<\/p>\n<p><img loading=\"lazy\" decoding=\"async\" class=\"alignnone size-full wp-image-5924\" src=\"https:\/\/koenigseggwald.de\/wp-content\/uploads\/2026\/04\/26-17-1_Luftbild.jpg\" alt=\"\" width=\"777\" height=\"583\" srcset=\"https:\/\/koenigseggwald.de\/wp-content\/uploads\/2026\/04\/26-17-1_Luftbild.jpg 777w, https:\/\/koenigseggwald.de\/wp-content\/uploads\/2026\/04\/26-17-1_Luftbild-300x225.jpg 300w, https:\/\/koenigseggwald.de\/wp-content\/uploads\/2026\/04\/26-17-1_Luftbild-768x576.jpg 768w, https:\/\/koenigseggwald.de\/wp-content\/uploads\/2026\/04\/26-17-1_Luftbild-100x75.jpg 100w, https:\/\/koenigseggwald.de\/wp-content\/uploads\/2026\/04\/26-17-1_Luftbild-700x525.jpg 700w\" sizes=\"auto, (max-width:767px) 700px, (max-width:777px) 100vw, 777px\" \/><\/p>\n<p><strong>Luftbild des gesamten Baugebiets<\/strong><\/p>\n<p><img loading=\"lazy\" decoding=\"async\" class=\"alignnone size-full wp-image-5920\" src=\"https:\/\/koenigseggwald.de\/wp-content\/uploads\/2026\/04\/26-17-2_Retentionsbecken.jpg\" alt=\"\" width=\"640\" height=\"480\" srcset=\"https:\/\/koenigseggwald.de\/wp-content\/uploads\/2026\/04\/26-17-2_Retentionsbecken.jpg 640w, https:\/\/koenigseggwald.de\/wp-content\/uploads\/2026\/04\/26-17-2_Retentionsbecken-300x225.jpg 300w, https:\/\/koenigseggwald.de\/wp-content\/uploads\/2026\/04\/26-17-2_Retentionsbecken-100x75.jpg 100w\" sizes=\"auto, (max-width:767px) 640px, 640px\" \/><\/p>\n<p><strong>Retentionsbecken<\/strong><\/p>\n<p><img loading=\"lazy\" decoding=\"async\" class=\"alignnone size-full wp-image-5921\" src=\"https:\/\/koenigseggwald.de\/wp-content\/uploads\/2026\/04\/26-17-3_Angeschafftes-Material-auf-der-Baustelle.jpg\" alt=\"\" width=\"640\" height=\"480\" srcset=\"https:\/\/koenigseggwald.de\/wp-content\/uploads\/2026\/04\/26-17-3_Angeschafftes-Material-auf-der-Baustelle.jpg 640w, https:\/\/koenigseggwald.de\/wp-content\/uploads\/2026\/04\/26-17-3_Angeschafftes-Material-auf-der-Baustelle-300x225.jpg 300w, https:\/\/koenigseggwald.de\/wp-content\/uploads\/2026\/04\/26-17-3_Angeschafftes-Material-auf-der-Baustelle-100x75.jpg 100w\" sizes=\"auto, (max-width:767px) 640px, 640px\" \/><\/p>\n<p><strong>Angeschafftes Material auf der Baustelle<\/strong><\/p>\n<p><img loading=\"lazy\" decoding=\"async\" class=\"alignnone size-full wp-image-5922\" src=\"https:\/\/koenigseggwald.de\/wp-content\/uploads\/2026\/04\/26-17-4_Retentionsbecken-1-rotated.jpg\" alt=\"\" width=\"480\" height=\"640\" srcset=\"https:\/\/koenigseggwald.de\/wp-content\/uploads\/2026\/04\/26-17-4_Retentionsbecken-1-rotated.jpg 480w, https:\/\/koenigseggwald.de\/wp-content\/uploads\/2026\/04\/26-17-4_Retentionsbecken-1-225x300.jpg 225w, https:\/\/koenigseggwald.de\/wp-content\/uploads\/2026\/04\/26-17-4_Retentionsbecken-1-56x75.jpg 56w\" sizes=\"auto, (max-width:767px) 480px, 480px\" \/><\/p>\n<p><strong>2. Retentionsbecken<\/strong><\/p>\n<p><img loading=\"lazy\" decoding=\"async\" class=\"alignnone size-full wp-image-5923\" src=\"https:\/\/koenigseggwald.de\/wp-content\/uploads\/2026\/04\/26-17-5_Allgemeinder-Blick-auf-die-Baustelle.jpg\" alt=\"\" width=\"640\" height=\"480\" srcset=\"https:\/\/koenigseggwald.de\/wp-content\/uploads\/2026\/04\/26-17-5_Allgemeinder-Blick-auf-die-Baustelle.jpg 640w, https:\/\/koenigseggwald.de\/wp-content\/uploads\/2026\/04\/26-17-5_Allgemeinder-Blick-auf-die-Baustelle-300x225.jpg 300w, https:\/\/koenigseggwald.de\/wp-content\/uploads\/2026\/04\/26-17-5_Allgemeinder-Blick-auf-die-Baustelle-100x75.jpg 100w\" sizes=\"auto, (max-width:767px) 640px, 640px\" \/><\/p>\n<p><strong>Allgemeiner Blick auf die Baustelle<\/strong><\/p>\n<p><strong>7. Informationen und Bekanntgaben<\/strong><\/p>\n<p>B\u00fcrgermeister Endriss informiert \u00fcber nachfolgende Punkte:<\/p>\n<p>\u2022 dass am 09.04.2026 eine B\u00fcrgerinformationsveranstaltung im B\u00fcrgersaal stattfand, welche von den B\u00fcrgern zahlreich besucht wurde und bedankt sich dabei bei allen Besucherinnen und Besucher, sowie den Mitarbeitern und der Feuerwehr f\u00fcr die Unterst\u00fctzung bei der Veranstaltung. Diese Veranstaltung soll fortgef\u00fchrt und einmal j\u00e4hrlich stattfinden.<br \/>\n\u2022 dass das neue Bauhoffahrzeug inzwischen angemeldet und im Einsatz ist. Es werden noch Umbauten vorgenommen und zwei Gemeindewappen angebracht.<br \/>\n\u2022 dass am Dienstag die Verbandsversammlung des Zweckverband Wasserversorgung K\u00f6nigsegg stattfand und hierbei folgende Themen besprochen wurden:<br \/>\n&#8211; Eine alte Verbandsleitung wird im Bereich des Baugebiets (Stra\u00dfe vom Spielplatz zum Sportplatz) im Rahmen der aktuellen Bauarbeiten erneuert.<br \/>\n&#8211; Der Hochbeh\u00e4lter Ho\u00dfkirch wird nach einem Rohrbruch nur noch durch eine Wasserleitung versorgt, was zum aktuellen Zeitpunkt ausreichend ist. Die andere Leitung ist irreparabel.<br \/>\nIm Zuge der Verlegung des Breitbands in Richtung Stephansreute wird eine neue Zuleitung zum Hochbeh\u00e4lter Hosskirch gebaut werden.<br \/>\nDer Bau erfolgt in zwei Abschnitten, wof\u00fcr ca. 100.000 Euro eingeplant wurden.<br \/>\n&#8211; Au\u00dferdem erfolgt der Bau der Ringleitung zur Wasserversorgung in Egelreute zwischen dem Zweckverband K\u00f6nigsegg und der Wasserversorgung der Gemeinde Ostrach.<\/p>\n<p>Gemeinderat Schlegel erl\u00e4utert erg\u00e4nzend, dass die Quellen in Egelreute nicht mehr in Betrieb sind und eine Instandsetzung zu teuer ist (ca. 5 Millionen \u20ac).<br \/>\nDie Versorgung wird durch die Gemeinde Ostrach sichergestellt.<\/p>\n<p><em>Erg\u00e4nzung: Ein Protokollauszug der Verbandsversammlung wird nach Fertigstellung ver\u00f6ffentlicht.<\/em><\/p>\n<p><strong>8. Anfragen aus dem Gremium<\/strong><br \/>\nEin Gemeinderat teilt mit, dass bei der B\u00fcrgerinformationsveranstaltung die Tontechnik im B\u00fcrgersaal wieder sehr schlecht war und es doch sinnvoll sei hier in eine andere Technik\/Anlage zu investieren.<br \/>\nDie Verwaltung wird Anfragen an verschiedene Anbieter stellen \u2013 es ist Geld im Haushalt daf\u00fcr vorgesehen.<\/p>\n<p>Aus der Mitte des Gemeinderats wird gebeten, den Spiegel in der Seestra\u00dfe einstellen zu lassen, da eine gute Sicht nicht mehr gegeben ist.<\/p>\n<hr style=\"margin-top: 30px; margin-bottom: 30px;\" \/>\n<h3>Naturschutzzentrum Wilhelmsdorf<\/h3>\n<p><strong>Wir haben noch Stellen frei f\u00fcr das Freiwillige \u00f6kologische Jahr (F\u00d6J) und den Bundesfreiwilligendienst (BFD)!<\/strong> Details auf unserer Homepage unter <a href=\"https:\/\/pfrunger-burgweiler-ried.de\/stiftung\/be-volunteer\/\" target=\"_blank\" rel=\"noopener\">https:\/\/pfrunger-burgweiler-ried.de\/stiftung\/be-volunteer\/<\/a><\/p>\n<p>Am Samstag, den <strong>25. April 2026<\/strong> findet im Naturschutzzentrum Wilhelmsdorf <strong>eine Fortbildung des Netzwerks Umwelt \u201eWildkatze, Luchs und Wolf: willkommen zur\u00fcck?!\u201c<\/strong> statt. Hier erhalten Sie Einblicke in die Lebensweise und Besonderheiten der drei R\u00e4uber und erfahren, wie ein Zusammenleben mit ihnen aussehen k\u00f6nnte. Die Teilnahme ist kostenfrei. Anmeldung \u00fcber den BUND Ravensburg-Weingarten unter <a href=\"mailto:bund.ravensburg@bund.net\">bund.ravensburg@bund.net<\/a><\/p>\n<p>In die <strong>Geschichte und in Geschichten vom Ried und Wilhelmsdorf<\/strong> d\u00fcrfen Sie am 09.Mai 2026 von 10 bis Uhr eintauchen.<br \/>\nUnsere <strong>Moorf\u00fchrerin Marianne Tichy<\/strong> ist in Wilhelmsdorf geboren und geh\u00f6rt zu der Generation, <strong>die das Torfstechen im Ried als Kind noch selbst erlebt hat<\/strong>.<br \/>\nIhren reichen Erfahrungsschatz teilt sie mit allen Interessierten auf einem kurzen Abstecher in den Ort und dann auf einem anschlie\u00dfenden Spaziergang durch das direkt angrenzende Ried. Treffpunkt ist am Naturschutzzentrum Wilhelmsdorf, wir bitten um geeignete, wetterfeste Kleidung und Schuhe. Die Teilnahme kostet 5 EUR (erm. 2,50 EUR)<br \/>\n<strong>Bitte melden Sie sich bis 07. Mai bis 16:00 Uhr \u00fcber unser Kontaktformular an.<\/strong><\/p>\n<p>Am <strong>10. Mai<\/strong> f\u00fchrt der Ornithologe Jeremy Barker ins Ried zu einer <strong>Vogelexkursion mit dem Thema &#8222;Morgenchor im Ried und Wiese&#8220;<\/strong>. Treffpunkt: Parkplatz an der Ostrach um 6 Uhr. Kosten: 10 EUR (erm. 5 EUR).<br \/>\n<strong>Bitte melden Sie sich bis 07. Mai bis 16:00 Uhr \u00fcber unser Kontaktformular an.<\/strong><\/p>\n<p>Am<strong> 13. Mai<\/strong> nimmt Pia Wilhelm auf der <strong>F\u00fchrung \u201eFaszination Fledermaus\u201c<\/strong> Teilnehmende mit ins Ried. Treffpunkt: Naturschutzzentrum Wilhelmsdorf um 19 Uhr. Kosten: 10 EUR (erm.5 EUR).<br \/>\n<strong>Bitte melden Sie sich bis 07. Mai bis 16:00 Uhr \u00fcber unser Kontaktformular an.<\/strong><\/p>\n<p><strong>Multimedia-Show \u201eUnterwasserwelten\u201c<\/strong><br \/>\n<strong>Rolf Pf\u00e4nder<\/strong> entf\u00fchrt den Zuschauer in eine verborgene Welt. Zu sehen sind die sch\u00f6nsten Bilder aus \u00fcber 40 Jahren Unterwasserfotografie. Veranstaltungsort: Kulturscheune Wilhelmsdorf um 20 Uhr, Eintritt: 6 EUR (erm.4 EUR) <strong>Karten \u00fcber die Kulturscheune!<\/strong><\/p>\n<p>Unser Infotheken-Team begr\u00fc\u00dft Sie wieder mit <strong>Kuchen im Glas, Hei\u00df- und Kaltgetr\u00e4nken und Snacks<\/strong> zu den g\u00e4ngigen \u00d6ffnungszeiten Dienstag bis Freitag, 13:30-17:00 Uhr, am Wochenende und Feiertagen von 10:00-17:00 Uhr.<\/p>\n<p>Weitere <strong>Informationen zu Veranstaltungen<\/strong> finden Sie auf unserer Homepage <a href=\"https:\/\/pfrunger-burgweiler-ried.de\/\" target=\"_blank\" rel=\"noopener\">https:\/\/pfrunger-burgweiler-ried.de\/<\/a><\/p>\n<hr style=\"margin-top: 30px; margin-bottom: 30px;\" \/>\n<h3>Vereinsnachrichten<\/h3>\n<h4>Narrenverein K\u00f6nigseggwald<\/h4>\n<p>Am 30.04. findet ab 19.00 Uhr mit der musikalischen Unterst\u00fctzung des Musikvereins das allj\u00e4hrliche Maibaumstellen am Vereinsheim statt. Hierzu ist die Bev\u00f6lkerung recht herzlich eingeladen. F\u00fcr Getr\u00e4nke ist gesorgt.<\/p>\n<hr style=\"margin-top: 30px; margin-bottom: 30px;\" \/>\n<h4>Musikverein K\u00f6nigseggwald<\/h4>\n<p><strong>Voranzeige Sommerfest<\/strong><br \/>\n<strong>Feierabendhock<\/strong><br \/>\nWir starten am Mittwoch, 03.06.2025 mit einem Feierabendhock bei uns im Zelt. Ab 18 Uhr werden Sie von der Jugendkapelle Ostrachtal und dem Musikverein Pfrungen unterhalten!<br \/>\n<strong>Highlight der Blasmusik<\/strong><br \/>\nUnter diesem Motto bringt der Musikverein am 04.06.2025 wieder Blasmusik der Spitzenklasse nach K\u00f6nigseggwald! Wir konnten die Bauernkapelle Mindersdorf f\u00fcr unseren Abend gewinnen. Einlass ist ab 18:00 Uhr, Beginn ist um 19:00 Uhr! Tickets gibt es im Vorverkauf f\u00fcr 8 \u20ac und an der Abendkasse f\u00fcr 10\u20ac.<br \/>\nReservierbar per<br \/>\nWhatsApp +49152 292 163 17<br \/>\nHotline +49152 292 163 17<br \/>\noder per Mail: <a href=\"mailto:tickets@mv-koenigseggwald.de\">tickets@mv-koenigseggwald.de<\/a><br \/>\nOder nat\u00fcrlich bei allen Musikern des Musikvereins!<br \/>\nLassen Sie sich diesen Abend nicht entgehen und holen Sie sich noch heute ihr Ticket! Wir freuen uns auf Sie!<br \/>\n<strong>Oldietreff<\/strong><br \/>\nAm 07.06.2025 findet wieder unser Oldietreff in K\u00f6nigseggwald statt! Wir freuen uns auf die Pr\u00e4sentation der PKW-Geschichte ab dem Baujahr 1900 in Kooperation mit Armin Wanschura. Ebenfalls wird wieder Andreas Hoffmann Sinnhuber die Fahrzeuge vorstellen. Unterhalten werden Sie von der Trachtenkapelle Egelfingen-Emerfeld und dem Musikverein Altshausen.<br \/>\n<strong>Freiwillige Helfer gesucht!<\/strong><br \/>\nDu willst uns an unserem Sommerfest unter die Arme greifen? Wir suchen genau dich! Wir suchen freiwillige Helfer f\u00fcr das Austragen von Speisen und Getr\u00e4nken!<br \/>\nMelde dich unter <a href=\"mailto:vorstand@mv.koenigseggwald.de\">vorstand@mv.koenigseggwald.de<\/a> oder direkt bei unseren Musiker*innen!<\/p>\n<p><strong>Weitere Auftritte\/Veranstaltungen<\/strong><\/p>\n<p>03.05.2026 Fr\u00fchschoppen Ersingen<br \/>\n03.06.-07.06.2026 Sommerfest K\u00f6nigseggwald<br \/>\n02.08.2026 Abendunterhaltung Mochenwangen<br \/>\n09.08.2026 Nachmittagsunterhaltung Torkelfest Bermatingen<br \/>\n13.09.2026 Schuppenfest Laubbach<br \/>\n20.09.2026 Kreismusikfest Ebenweiler<br \/>\n11.10.2026 Oldtimertreffen K\u00f6nigseggwald<\/p>\n<p><strong>Termine f\u00fcr Altpapiersammlungen (jeweils ab 9:00 Uhr)<\/strong><br \/>\n20.06.2026<br \/>\n05.09.2026<br \/>\n05.12.2026[\/vc_column_text][\/vc_column][\/vc_row][vc_row disable_element=&#8220;yes&#8220;][vc_column width=&#8220;1\/2&#8243;][vc_single_image image=&#8220;3739&#8243; img_size=&#8220;medium&#8220;][\/vc_column][vc_column width=&#8220;1\/2&#8243;][vc_single_image image=&#8220;3743&#8243; img_size=&#8220;medium&#8220;][\/vc_column][\/vc_row][vc_row disable_element=&#8220;yes&#8220;][vc_column][vc_column_text]<\/p>\n<h3><\/h3>\n<h3><strong>Kath. Kindergarten St. Georg <\/strong><\/h3>\n<p>Seit dem 22. Februar 2021 arbeiten wir im \u201eRegelbetrieb unter Pandemiebedingungen\u201c. Seit diesem Tag d\u00fcrfen wieder alle Kinder zu ihren gewohnten Zeiten zu uns in den Kindergarten kommen. Die bereits seit langem geltenden Hygienema\u00dfnahmen werden konsequent umgesetzt. F\u00fcr die Kinder ist vieles zur Routine geworden: Das vermehrte H\u00e4nde waschen, vor allem beim Betreten und Verlassen des Kindergartens. Sich an der Eingangst\u00fcre von Mama oder Papa zu verabschieden weil Eltern nicht in den Kindergarten kommen d\u00fcrfen, dass sie ihr Essen nicht teilen d\u00fcrfen und sich nicht selbst Essen sch\u00f6pfen d\u00fcrfen und vieles mehr. Dass wir Erzieherinnen im Kindergarten bei Begegnungen untereinander eine Mundschutzmaske tragen, ist f\u00fcr die Kinder inzwischen ein gewohntes Bild. Erfreulicherweise hatten wir bis heute keine Corona positiven Kinder zu vermelden \u2013 wir hoffen, dass dies auch nicht eintreten wird. Sollte dies der Fall werden, liegt ein exakter Handlungsplan vor, nach welchem wir als Kindergarten handeln m\u00fcssen.<\/p>\n<p>Seit der ersten M\u00e4rzwoche kommt einmal pro Woche ein geschulter Mitarbeiter der Hodrus`schen Apotheke zu uns in den Pfarrsaal, und nimmt einen Schnelltest von uns p\u00e4dagogischen Mitarbeiterinnen.<\/p>\n<p>In der t\u00e4glichen Arbeit mit den Kindern ist die religi\u00f6se Erziehung mit der Vorbereitung auf Ostern und Palmsonntag unser Schwerpunkt. Alles rund um Osterhasen, H\u00fchnern, Eiern ist f\u00fcr die Kinder spannend und lassen sich daf\u00fcr begeistern. Aber auch Bilder und Geschichten zu Jesu Einzug in Jerusalem faszinieren die Kinder sehr.<\/p>\n<p>N\u00e4here Informationen zum Palmsonntag k\u00f6nnen Sie nachfolgend lesen.<\/p>\n<p>Ihr Erzieherinnenteam <strong>Kath. Kindergarten St. Georg <\/strong>Seestra\u00dfe 2, 88376 K\u00f6nigseggwald Tel.: 07587\/535 email: kindergarten-st.georg@gmx.de<\/p>\n<p>&nbsp;<\/p>\n<p><strong>Von einer neuen Wegstrecke<\/strong><\/p>\n<p><em>Du unbekannter Weg, deinetwegen lasse ich Vergangenes zur\u00fcck. Doch manches was mir kostbar ist, nehme ich mit, es redet zu mir und st\u00e4rkt mich. Menschen, die ich mag, bleiben zur\u00fcck, aber ihre guten W\u00fcnsche gehen mit mir.<\/em><\/p>\n<p><em>Du unbekannter Weg, ich komme. Was werde ich auf Dir finden?<\/em><\/p>\n<p><em>Einmal, in Jahren, werde ich auf diese Wegstrecke zur\u00fcckschauen. Ich w\u00fcnsche mir, dass ich dann sagen kann: Genau das war mein Weg!<\/em><\/p>\n<p>Wolfgang Longardt<\/p>\n<p><strong>\u00a0<\/strong><\/p>\n<p>Meine T\u00e4tigkeit als Kindergartenleitung hier im kath. Kindergarten St. Georg geht zum 31.M\u00e4rz 2021 zu Ende. Ab 01. April beginne ich als p\u00e4dagogische Mitarbeiterin im Montessori Kindergarten in Wilhelmsdorf. Ich denke mit vielen Erinnerungen an meine Arbeit hier in K\u00f6nigseggwald zur\u00fcck, doch mit gro\u00dfer Vorfreude denke ich an meine neue Aufgabe. Ich freue mich sehr, mich \u00fcberwiegend der Arbeit mit den Kindern widmen zu d\u00fcrfen und den vielf\u00e4ltigen und anspruchsvollen Aufgaben einer Kindergartenleitung den R\u00fccken zu kehren, In der Arbeit mit den Kindern sehe ich meine zuk\u00fcnftige Aufgabe, und auf diesen Wechsel freue ich mich sehr.<\/p>\n<p>Am 1. September 2007 fing ich hier als Teilzeitkraft an, und am 01. September 2009 \u00fcbernahm ich die Leitung. An dieser Stelle sage ich ein ganz herzliches \u201eVergelt`s Gott\u201c an alle, welche mich und \u201emeinen\u201c Kindergarten in diesen ganzen Jahren in irgendeiner Form unterst\u00fctzten, mit mir kompetent und zielorientiert kooperierten, und mir ihr Vertrauen geschenkt haben.<\/p>\n<p>Ich w\u00fcnsche meinem Team, dem Tr\u00e4ger, Herrn B\u00fcrgermeister Fuchs und unserer KBV Frau Weber vom Verwaltungszentrum weiterhin ein vertrauensvolles, kompetentes Miteinander.<\/p>\n<p>Ihnen allen w\u00fcnsche ich f\u00fcr die Zukunft alles Gute, viel Gesundheit und vor allem viel Optimismus und Durchhalteverm\u00f6gen in dieser Zeit der Pandemie.<\/p>\n<p>Sabine Kemmer<\/p>\n<p><strong>\u00a0<\/strong><\/p>\n<h3><strong>Palmenverkauf<\/strong><\/h3>\n<p>Am Palmsonntag verkaufen wir, die Eltern der St. Georg Kindergartenkinder, vor der Kirche wieder kleine handgefertigte Palmen f\u00fcr 2,50\u20ac.<\/p>\n<p>Wer m\u00f6chte, kann die Palmen auch gerne ab Samstag, den 27.03.2021 im Treffpunkt Manz oder in Rimmele`s Hofladen kaufen.<\/p>\n<p>Wir werden jeweils ein K\u00e4sschen aufstellen, daher bitten wir Sie, den Betrag passend mitzubringen.<\/p>\n<p>Da die Kinder flei\u00dfig mithelfen, geht nat\u00fcrlich der gesamte Gewinn an den St. Georg Kindergarten.<\/p>\n<p>Der Elternbeirat<\/p>\n<p>Hosianna!<\/p>\n<p>Gelobt sei, der da kommt in dem Namen des Herrn,<\/p>\n<p>der K\u00f6nig von Israel!<\/p>\n<p><img loading=\"lazy\" decoding=\"async\" class=\"size-full wp-image-3749 alignnone\" src=\"https:\/\/homepage-qkr4bkkudr.live-website.com\/wp-content\/uploads\/2021\/03\/palmesel.jpg.png\" alt=\"\" width=\"368\" height=\"380\" srcset=\"https:\/\/koenigseggwald.de\/wp-content\/uploads\/2021\/03\/palmesel.jpg.png 368w, https:\/\/koenigseggwald.de\/wp-content\/uploads\/2021\/03\/palmesel.jpg-291x300.png 291w, https:\/\/koenigseggwald.de\/wp-content\/uploads\/2021\/03\/palmesel.jpg-141x146.png 141w, https:\/\/koenigseggwald.de\/wp-content\/uploads\/2021\/03\/palmesel.jpg-48x50.png 48w, https:\/\/koenigseggwald.de\/wp-content\/uploads\/2021\/03\/palmesel.jpg-73x75.png 73w\" sizes=\"auto, (max-width:767px) 368px, 368px\" \/><\/p>\n<p>Hosianna!<\/p>\n<p>Gelobt sei, der da kommt in dem Namen des Herrn,<\/p>\n<p>der K\u00f6nig von Israel! Joh 12, 12<\/p>\n<p><strong>\u00a0<\/strong><\/p>\n<p><strong>\u00a0<\/strong><\/p>\n<h3><strong>Kindergarten St. Georg<\/strong><\/h3>\n<p><strong>Verabschiedung Frau Kemmer<\/strong><\/p>\n<p>&nbsp;<\/p>\n<p>Im Kindergarten St. Georg gibt es Ver\u00e4nderungen. BM Fuchs und Frau Geser verabschiedeten im Rahmen einer Teamsitzung Kindergartenleitung Frau Kemmer.<\/p>\n<p>Wir m\u00f6chten an dieser Stelle die Gelegenheit nutzen, Frau Kemmer f\u00fcr die Zeit im Kindergarten St. Georg ein herzliches Dankesch\u00f6n auszusprechen. Sie hat unseren Kindergarten \u00fcber 11 Jahre mit viel Engagement, Kreativit\u00e4t und viel Freude geleitet. Danke sagen m\u00f6chten wir auch f\u00fcr die gute Zusammenarbeit zwischen der Kirchengemeinde und dem Kindergarten, immer in guter Kooperation mit der b\u00fcrgerlichen Gemeinde, die Begleitung der Kinder in K\u00f6nigseggwald und das gute Miteinander mit den Eltern.<\/p>\n<p>Wir w\u00fcnschen Frau Kemmer f\u00fcr die Zukunft alles Gute und viel Freude in Ihrer\u00a0 neuen Arbeitsstelle und dass Sie unseren Kindergarten\u00a0 doch ein bisschen im Herzen beh\u00e4lt.<\/p>\n<p>F\u00fcr die Kirchengemeinde<\/p>\n<p>Martina Geser, gew\u00e4hlte Vorsitzende<\/p>\n<p><img loading=\"lazy\" decoding=\"async\" class=\"size-medium wp-image-3747 alignnone\" src=\"https:\/\/homepage-qkr4bkkudr.live-website.com\/wp-content\/uploads\/2021\/03\/image0-300x225.jpeg\" alt=\"\" width=\"300\" height=\"225\" srcset=\"https:\/\/koenigseggwald.de\/wp-content\/uploads\/2021\/03\/image0-300x225.jpeg 300w, https:\/\/koenigseggwald.de\/wp-content\/uploads\/2021\/03\/image0-768x576.jpeg 768w, https:\/\/koenigseggwald.de\/wp-content\/uploads\/2021\/03\/image0-195x146.jpeg 195w, https:\/\/koenigseggwald.de\/wp-content\/uploads\/2021\/03\/image0-50x38.jpeg 50w, https:\/\/koenigseggwald.de\/wp-content\/uploads\/2021\/03\/image0-100x75.jpeg 100w, https:\/\/koenigseggwald.de\/wp-content\/uploads\/2021\/03\/image0-960x720.jpeg 960w, https:\/\/koenigseggwald.de\/wp-content\/uploads\/2021\/03\/image0.jpeg 1024w\" sizes=\"auto, (max-width:767px) 300px, 300px\" \/><\/p>\n<h3><\/h3>\n<h3><strong>Osterkerzenverkauf der Ministranten K\u00f6nigseggwald<\/strong><\/h3>\n<p>Liebe Gemeindemitglieder,<\/p>\n<p>wie jedes Jahr verkaufen die Ministranten traditionell die selbst hergestellten Osterkerzen. Unter Pandemiebedienungen ist alles anders.<\/p>\n<p>Sie haben die M\u00f6glichkeit die gesegneten Osterkerzen von Pfarrer Jeeson ab sofort im Treffpunkt Manz in K\u00f6nigseggwald f\u00fcr 3\u20ac zu erwerben. Der Erl\u00f6s kommt den Ministranten in K\u00f6nigseggwald zu Gute. Gerne bringen wir Ihnen auch eine Kerze nach Hause. Melden Sie sich dazu bitte bei Fam. Geser Tel: 07587-950732<\/p>\n<p>Wir w\u00fcnschen Ihnen eine gesegnete Osterzeit und bleiben Sie gesund.<\/p>\n<p>Ihre Ministranten aus K\u00f6nigseggwald<\/p>\n<p>&nbsp;<\/p>\n<h3><strong><u>Vereinsnachrichten:<\/u><\/strong><\/h3>\n<p><strong>Fanfarenzug K\u00f6nigseggwald<\/strong><\/p>\n<p><strong><u>Der Weg ist das Ziel!<\/u><\/strong><\/p>\n<ul>\n<li style=\"list-style-type: none;\">\n<ul>\n<li style=\"list-style-type: none;\">\n<ol start=\"40\">\n<li><strong><u> \u201einoffizieller\u201c K\u00f6nigseggwalder Osterlauf am<br \/>\n03. April 2021<\/u><\/strong><\/li>\n<\/ol>\n<\/li>\n<\/ul>\n<\/li>\n<\/ul>\n<p>Leider kann der Osterlauf K\u00f6nigseggwald dieses Jahr wieder nicht stattfinden. Jedoch lassen es sich ein paar K\u00f6nigseggwalder L\u00e4ufer sich diese Tradition nicht nehmen und laufen auf eigene Faust.<\/p>\n<p>Wir laden alle laufbegeisterten mit dazu ein diese Tradition am Leben zu erhalten. Jeder der mitmachen will, startet selbst\u00e4ndig wie gewohnt im Kapellenweg egal zu welcher Uhrzeit, stoppt selbst seine Zeit und teilt je nach belieben seinen Erfolg in der WhatsApp Gruppe <strong>\u201eCorona Osterlauf 2021\u201c<\/strong> unter dem Link<\/p>\n<p><a href=\"https:\/\/chat.whatsapp.com\/EcCEy8uhEO63usH4pRXq3V\">https:\/\/chat.whatsapp.com\/EcCEy8uhEO63usH4pRXq3V<\/a><\/p>\n<p>Bitte haltet beim laufen die geltenden Corona Regeln ein, und sammelt euch bitte nicht am Start\/Ziel und bildet bitte keine Gruppen. Der Weg ist nicht Ausgeschildert und es gibt keine Streckenposten f\u00fcr Verpflegung.<\/p>\n<p>Die L\u00e4ufer starten auf eigene Gefahr und wir w\u00fcnschen allen viel Erfolg, und hoffen Euch, n\u00e4chstes Jahr bei einem gemeinsamen Start wieder zu sehen.[\/vc_column_text][\/vc_column][\/vc_row][vc_row full_width=&#8220;stretch_row&#8220; content_placement=&#8220;middle&#8220; css=&#8220;.vc_custom_1531395182556{margin-bottom: 80px !important;background-color: rgba(30,115,190,0.14) !important;*background-color: rgb(30,115,190) !important;}&#8220;][vc_column][vc_column_text]<\/p>\n<p style=\"text-align: center;\">Das gesamten Verbandsanzeiger und das\u00a0Katholische Kirchenblatt k\u00f6nnen Sie direkt bei der Druckerei Restle bestellen:<\/p>\n<p style=\"text-align: center;\"><strong>Druck und Verlag &#8211; Fa. Restle GmbH<\/strong><br \/>\nHindenburgstr. 40-42,<br \/>\n88361 Altshausen<br \/>\nTelefon : 07584 \/ 3507 &#8211; Fax : 07584 \/ 2745<\/p>\n<p style=\"text-align: center;\"><strong><a href=\"mailto:restle-druck@t-online.de\">restle-druck@t-online.de<\/a><\/strong><\/p>\n<p>[\/vc_column_text][\/vc_column][\/vc_row]<\/p>\n","protected":false},"excerpt":{"rendered":"<p>[vc_row css=&#8220;.vc_custom_1531391917905{background-color: #ededed !important;}&#8220;][vc_column][vc_custom_heading text=&#8220;K\u00f6nigseggwalder Verbandsanzeiger&#8220; font_container=&#8220;tag:h2|text_align:center&#8220; google_fonts=&#8220;font_family:Roboto%3A100%2C100italic%2C300%2C300italic%2Cregular%2Citalic%2C500%2C500italic%2C700%2C700italic%2C900%2C900italic|font_style:400%20regular%3A400%3Anormal&#8220;][\/vc_column][\/vc_row][vc_row css=&#8220;.vc_custom_1531392462926{margin-top: -30px !important;background-color: #ededed !important;}&#8220;][vc_column width=&#8220;1\/3&#8243;][\/vc_column][vc_column width=&#8220;1\/3&#8243;][vc_custom_heading<span class=\"excerpt-hellip\"> [\u2026]<\/span><\/p>\n","protected":false},"author":6,"featured_media":1792,"comment_status":"closed","ping_status":"closed","sticky":false,"template":"","format":"standard","meta":{"footnotes":""},"categories":[11],"tags":[],"class_list":["post-5925","post","type-post","status-publish","format-standard","has-post-thumbnail","hentry","category-verbandsanzeiger"],"_links":{"self":[{"href":"https:\/\/koenigseggwald.de\/index.php\/wp-json\/wp\/v2\/posts\/5925","targetHints":{"allow":["GET"]}}],"collection":[{"href":"https:\/\/koenigseggwald.de\/index.php\/wp-json\/wp\/v2\/posts"}],"about":[{"href":"https:\/\/koenigseggwald.de\/index.php\/wp-json\/wp\/v2\/types\/post"}],"author":[{"embeddable":true,"href":"https:\/\/koenigseggwald.de\/index.php\/wp-json\/wp\/v2\/users\/6"}],"replies":[{"embeddable":true,"href":"https:\/\/koenigseggwald.de\/index.php\/wp-json\/wp\/v2\/comments?post=5925"}],"version-history":[{"count":3,"href":"https:\/\/koenigseggwald.de\/index.php\/wp-json\/wp\/v2\/posts\/5925\/revisions"}],"predecessor-version":[{"id":5928,"href":"https:\/\/koenigseggwald.de\/index.php\/wp-json\/wp\/v2\/posts\/5925\/revisions\/5928"}],"wp:featuredmedia":[{"embeddable":true,"href":"https:\/\/koenigseggwald.de\/index.php\/wp-json\/wp\/v2\/media\/1792"}],"wp:attachment":[{"href":"https:\/\/koenigseggwald.de\/index.php\/wp-json\/wp\/v2\/media?parent=5925"}],"wp:term":[{"taxonomy":"category","embeddable":true,"href":"https:\/\/koenigseggwald.de\/index.php\/wp-json\/wp\/v2\/categories?post=5925"},{"taxonomy":"post_tag","embeddable":true,"href":"https:\/\/koenigseggwald.de\/index.php\/wp-json\/wp\/v2\/tags?post=5925"}],"curies":[{"name":"wp","href":"https:\/\/api.w.org\/{rel}","templated":true}]}}