{"id":5817,"date":"2026-03-11T09:11:09","date_gmt":"2026-03-11T08:11:09","guid":{"rendered":"https:\/\/koenigseggwald.de\/?p=5817"},"modified":"2026-03-11T09:32:49","modified_gmt":"2026-03-11T08:32:49","slug":"verbandsanzeiger-11-03-2026","status":"publish","type":"post","link":"https:\/\/koenigseggwald.de\/index.php\/verbandsanzeiger-11-03-2026\/","title":{"rendered":"Verbandsanzeiger 11.03.2026"},"content":{"rendered":"<p>[vc_row css=&#8220;.vc_custom_1531391917905{background-color: #ededed !important;}&#8220;][vc_column][vc_custom_heading text=&#8220;K\u00f6nigseggwalder Verbandsanzeiger&#8220; font_container=&#8220;tag:h2|text_align:center&#8220; google_fonts=&#8220;font_family:Roboto%3A100%2C100italic%2C300%2C300italic%2Cregular%2Citalic%2C500%2C500italic%2C700%2C700italic%2C900%2C900italic|font_style:400%20regular%3A400%3Anormal&#8220;][\/vc_column][\/vc_row][vc_row css=&#8220;.vc_custom_1531392462926{margin-top: -30px !important;background-color: #ededed !important;}&#8220;][vc_column width=&#8220;1\/3&#8243;][\/vc_column][vc_column width=&#8220;1\/3&#8243;][vc_custom_heading text=&#8220;11.03.2026&#8243; font_container=&#8220;tag:h4|font_size:14|text_align:center&#8220; google_fonts=&#8220;font_family:Roboto%3A100%2C100italic%2C300%2C300italic%2Cregular%2Citalic%2C500%2C500italic%2C700%2C700italic%2C900%2C900italic|font_style:400%20regular%3A400%3Anormal&#8220;][\/vc_column][vc_column width=&#8220;1\/3&#8243;][\/vc_column][\/vc_row][vc_row css=&#8220;.vc_custom_1531392125335{padding-right: 20px !important;padding-left: 20px !important;background-color: rgba(0,0,0,0.06) !important;*background-color: rgb(0,0,0) !important;border-radius: 3px !important;}&#8220;][vc_column css=&#8220;.vc_custom_1643727178395{border-radius: 3px !important;}&#8220;][vc_column_text]<\/p>\n<h3>Wahlergebnis Landtagswahl in K\u00f6nigseggwald<\/h3>\n<p>Wahl vom 08. M\u00e4rz 2026, Wahlbezirk 1<br \/>\nWahlberechtigt: 547 Personen<br \/>\nWahlberechtigte die Briefwahl beantragt haben: 120<br \/>\nWahlbeteiligung: 76,97 %<br \/>\nG\u00fcltige Erststimmen: 416<br \/>\nUng\u00fcltige Erststimmen: 5<br \/>\nG\u00fcltige Zweitstimmen: 418<br \/>\nUng\u00fcltige Zweitstimmen: 3<\/p>\n<p><img loading=\"lazy\" decoding=\"async\" class=\"alignnone size-full wp-image-5825\" src=\"https:\/\/koenigseggwald.de\/wp-content\/uploads\/2026\/03\/26-10-Wahlergebnis.png\" alt=\"\" width=\"490\" height=\"522\" srcset=\"https:\/\/koenigseggwald.de\/wp-content\/uploads\/2026\/03\/26-10-Wahlergebnis.png 490w, https:\/\/koenigseggwald.de\/wp-content\/uploads\/2026\/03\/26-10-Wahlergebnis-282x300.png 282w, https:\/\/koenigseggwald.de\/wp-content\/uploads\/2026\/03\/26-10-Wahlergebnis-70x75.png 70w\" sizes=\"auto, (max-width:767px) 490px, 490px\" \/><\/p>\n<hr style=\"margin-top: 30px; margin-bottom: 30px;\" \/>\n<h3>Aus der Gemeinderatssitzung vom 26.02.2026<\/h3>\n<p style=\"text-align: left;\">Hinweis: In dieser Ausgabe ist lediglich der Protokollauszug \u00fcber den Beschluss des Haushaltsplans und der Beschlussfassung \u00fcber die Haushaltssatzung abgedruckt.<br \/>\nDas vollst\u00e4ndige Protokoll wird in der kommenden Ausgabe ver\u00f6ffentlicht.<\/p>\n<p style=\"text-align: center;\"><strong>\u00a7 1<\/strong><br \/>\n<strong>Haushaltsplan 2026<\/strong><br \/>\n<strong>Aufstellung des Haushaltsplans und Beschlussfassung \u00fcber die Haushaltssatzung<\/strong><\/p>\n<p>Herr J\u00f6rg Schuler vom Gemeindeverwaltungsverband stellt die Haushaltssatzung f\u00fcr das Jahr 2026 vor.<br \/>\nDie vom Gemeindeverwaltungsverband und B\u00fcrgermeister Endriss entworfene Haushaltssatzung stand zur Beratung. Herr Schuler gab einen Gesamt\u00fcberblick \u00fcber die Finanzsituation der Gemeinde und erl\u00e4uterte anhand des Haushaltsplanes einzelne Planans\u00e4tze und die Investitionen.<br \/>\nDie nachstehende Haushaltssatzung wurde im Anschluss an die Beratung und nach Beantwortung von Fragen einstimmig beschlossen.<\/p>\n<p style=\"text-align: center;\"><strong>Haushaltssatzung der Gemeinde K\u00f6nigseggwald f\u00fcr das Haushaltsjahr 2026<\/strong><\/p>\n<p>Auf Grund von \u00a779 der Gemeindeordnung f\u00fcr Baden W\u00fcrttemberg hat der Gemeinderat am 26.02.2026 die folgende Haushaltssatzung f\u00fcr das Haushaltsjahr 2026 beschlossen:<\/p>\n<p style=\"text-align: center;\"><strong>\u00a7 1 Ergebnishaushalt und Finanzhaushalt<\/strong><\/p>\n<p>Der Haushaltsplan wird festgesetzt<br \/>\n1. im <strong>Ergebnishaushalt<\/strong> mit den folgenden Betr\u00e4gen<br \/>\n1.1 Gesamtbetrag der ordentlichen Ertr\u00e4ge von 2.189.245 EUR<br \/>\n1.2 Gesamtbetrag der ordentlichen Aufwendungen von 2.214.940 EUR<br \/>\n<strong>1.3 Veranschlagtes ordentliches Ergebnis von -25.695 EUR<\/strong><\/p>\n<p>1.4 Gesamtbetrag der au\u00dferordentlichen Ertr\u00e4ge von 0 EUR<br \/>\n1.5 Gesamtbetrag der au\u00dferordentlichen Aufwendungen von 0 EUR<br \/>\n<strong>1.6 Veranschlagtes Sonderergebnis von 0 EUR<\/strong><\/p>\n<p><strong>1.7 Veranschlagtes Gesamtergebnis von -25.695 EUR<\/strong><\/p>\n<p>2. im <strong>Finanzhaushalt<\/strong> mit den folgenden Betr\u00e4gen<\/p>\n<p>2.1 Gesamtbetrag der Einzahlungen aus laufender Verwaltungst\u00e4tigkeit von 2.118.145 EUR<br \/>\n2.2 Gesamtbetrag der Auszahlungen aus laufender Verwaltungst\u00e4tigkeit von 2.051.940 EUR<br \/>\n<strong>2.3 Zahlungsmittel\u00fcberschuss \/ bedarf des Ergebnishaushalts von 66.205 EUR<\/strong><\/p>\n<p>2.4 Gesamtbetrag der Einzahlungen aus Investitionst\u00e4tigkeit von 2.875.000 EUR<br \/>\n2.5 Gesamtbetrag der Auszahlungen aus Investitionst\u00e4tigkeit von -3.875,640 EUR<br \/>\n<strong>2.6 Veranschlagter Finanzierungsmittel\u00fcberschuss \/ bedarf aus Investitionst\u00e4tigkeit von -1.000.640 EUR<\/strong><\/p>\n<p><strong>2.7 Veranschlagter Finanzierungsmittel\u00fcberschuss \/ bedarf von -934.435 EUR<\/strong><\/p>\n<p>2.8 Gesamtbetrag der Einzahlungen aus Finanzierungst\u00e4tigkeit von 1.00 0.000 EUR<br \/>\n2.9 Gesamtbetrag der Auszahlungen aus Finanzierungst\u00e4tigkeit von -87.868 EUR<br \/>\n<strong>2.10 Veranschlagter Finanzierungsmittel\u00fcberschuss \/ bedarf aus Finanzierungst\u00e4tigkeit von 912.132 EUR<\/strong><\/p>\n<p><strong>2.11 Veranschlagte \u00c4nderung des Finanzierungsmittelbestands, Saldo des Finanzhaushalts von -22.303 EUR<\/strong><\/p>\n<p style=\"text-align: center;\"><strong>\u00a7 2 Krediterm\u00e4chtigung<\/strong><\/p>\n<p>Der Gesamtbetrag der vorgesehenen Kreditaufnahmen f\u00fcr Investitionen und Investitionsf\u00f6rderungsma\u00dfnahmen (Krediterm\u00e4chtigung) wird festgesetzt auf 1.000.000 EUR<\/p>\n<p style=\"text-align: center;\"><strong>\u00a7 3 Verpflichtungserm\u00e4chtigungen<\/strong><\/p>\n<p>Der Gesamtbetrag der vorgesehenen Erm\u00e4chtigungen zum Eingehen von Verpflichtungen, die k\u00fcnftige Haushaltsjahre mit Auszahlungen f\u00fcr Investitionen und Investitionsf\u00f6rderungsma\u00dfnahmen belasten (Verpflichtungserm\u00e4chtigungen), wird festgesetzt auf &#8211; EUR<\/p>\n<p style=\"text-align: center;\"><strong>\u00a7 4 Kassenkredite<\/strong><\/p>\n<p>Der H\u00f6chstbetrag der Kassenkredite wird festgesetzt auf 1.000.000 EUR<\/p>\n<p style=\"text-align: center;\"><strong>\u00a7 5 Steuers\u00e4tze<\/strong><\/p>\n<p>Die Hebes\u00e4tze werden festgesetzt<br \/>\n1. f\u00fcr die Grundsteuer<br \/>\na) f\u00fcr die land- und forstwirtschaftlichen Betriebe (Grundsteuer A) auf 580 v. H.<br \/>\nb) f\u00fcr die Grundst\u00fccke (Grundsteuer B) auf 300 v. H.<br \/>\nder Steuermessbetr\u00e4ge;<\/p>\n<p>2. f\u00fcr die Gewerbesteuer auf 370 v. H.<br \/>\nder Steuermessbetr\u00e4ge.<\/p>\n<p>K\u00f6nigseggwald den<br \/>\n26.02.2026<br \/>\nGez. Endriss, B\u00fcrgermeister<\/p>\n<hr style=\"margin-top: 30px; margin-bottom: 30px;\" \/>\n<h3>Wasser am Friedhof und an den Krautl\u00e4ndern<\/h3>\n<p>Der Bauhof informiert, dass das Wasser am Friedhof und im Bereich der Krautl\u00e4nder aufgedreht wurde und die dortigen Wasserentnahmestellen nun wieder in gewohnter Weise genutzt werden k\u00f6nnen.<br \/>\nAu\u00dferdem wurde eine gelbe Tonne f\u00fcr den Friedhofsbereich beschafft, welche mittlerweile am Parkplatz aufgestellt ist.<br \/>\nWir bitten Sie Plastik- und Verpackungsm\u00fcll in der gelben Tonne zu entsorgen, damit im Restm\u00fcll genug Platz f\u00fcr alle weiteren Abf\u00e4lle bleibt.<\/p>\n<p><img loading=\"lazy\" decoding=\"async\" class=\"aligncenter wp-image-5820 size-full\" src=\"https:\/\/koenigseggwald.de\/wp-content\/uploads\/2026\/03\/26-10_Bild-1.jpg\" alt=\"\" width=\"361\" height=\"325\" srcset=\"https:\/\/koenigseggwald.de\/wp-content\/uploads\/2026\/03\/26-10_Bild-1.jpg 361w, https:\/\/koenigseggwald.de\/wp-content\/uploads\/2026\/03\/26-10_Bild-1-300x270.jpg 300w, https:\/\/koenigseggwald.de\/wp-content\/uploads\/2026\/03\/26-10_Bild-1-83x75.jpg 83w\" sizes=\"auto, (max-width:767px) 361px, 361px\" \/><br \/>\nHinweis: Auch hier ist der farbliche Unterschied auf der Homepage besser zu erkennen \u2013 die Gelbe Tonne befindet sich auf der rechten Seite.<\/p>\n<hr style=\"margin-top: 30px; margin-bottom: 30px;\" \/>\n<h3>Ank\u00fcndigung B\u00fcrgerinformationsabend<\/h3>\n<p>Liebe B\u00fcrgerinnen und B\u00fcrger,<br \/>\ndie Gemeindeverwaltung wird f\u00fcr Sie einen B\u00fcrgerinformationsabend veranstalten, zu welchem wir Sie an dieser Stelle bereits herzlich einladen m\u00f6chten.<br \/>\nZiel der Veranstaltung soll sein, einen \u00dcberblick \u00fcber aktuelle Themen rund um die Gemeinde und aus der Gemeindeverwaltung heraus zu geben. Au\u00dferdem ein kurzer Jahresr\u00fcckblick und ein Ausblick \u00fcber das aktuelle Jahr und dar\u00fcber hinaus.<br \/>\nDie Veranstaltung wird am <strong>09.04.2026 um 19:00 Uhr<\/strong> im B\u00fcrgersaal stattfinden.<br \/>\nIm Anschluss an die Veranstaltung l\u00e4dt die Gemeinde alle Besucherinnen und Besucher der Veranstaltung auf einen Umtrunk ein.<br \/>\nMerken Sie sich diesen Termin gerne vor.<br \/>\nWeitere Informationen hinsichtlich des Ablaufs und der Inhalte werden in der kommenden Woche ver\u00f6ffentlicht.<br \/>\nHerzliche Gr\u00fc\u00dfe<br \/>\nIhre Gemeindeverwaltung<\/p>\n<hr style=\"margin-top: 30px; margin-bottom: 30px;\" \/>\n<h3>Sachstand Erschlie\u00dfungsarbeiten Baugebiet Ozetweiher II<\/h3>\n<p>Die Erschlie\u00dfungsarbeiten f\u00fcr das Baugebiet Ozetweiher II schreiten voran. In der Seestra\u00dfe und im Joslesbrunnenweg wurde der Asphalt aufgefr\u00e4st. Die Arbeiten an Kanal und Wasserversorgung wurden in dieser Woche ebenfalls begonnen.<br \/>\nF\u00fcr die Anlieger in der Seestra\u00dfe wurde am Montag eine Notversorgung f\u00fcr die Wasserversorgung hergestellt.<br \/>\nDie Arbeiten in der Seestra\u00dfe werden in den kommenden Wochen St\u00fcck f\u00fcr St\u00fcck voranschreiten. In diesem Zusammenhang werden au\u00dferdem die Leitungen der Stra\u00dfenbeleuchtung erneuert und bereits die Breitbandverkabelung mitverlegt.<br \/>\nParallel hierzu wird im eigentlichen Baugebiet der Mutterboden abgetragen und damit das Baugebiet f\u00fcr die weiteren Arbeiten vorbereitet.<br \/>\nWir werden Sie \u00fcber die weiteren Schritte auf dem Laufenden halten.<br \/>\nKommen Sie bei R\u00fcckfragen gerne auf die Vorarbeiter der Fa. Peter Gross Bau GmbH oder auf uns zu.<\/p>\n<p style=\"text-align: center;\"><img loading=\"lazy\" decoding=\"async\" class=\"alignnone size-full wp-image-5822\" src=\"https:\/\/koenigseggwald.de\/wp-content\/uploads\/2026\/03\/26-10_Bild-2.jpg\" alt=\"\" width=\"303\" height=\"390\" srcset=\"https:\/\/koenigseggwald.de\/wp-content\/uploads\/2026\/03\/26-10_Bild-2.jpg 303w, https:\/\/koenigseggwald.de\/wp-content\/uploads\/2026\/03\/26-10_Bild-2-233x300.jpg 233w, https:\/\/koenigseggwald.de\/wp-content\/uploads\/2026\/03\/26-10_Bild-2-58x75.jpg 58w\" sizes=\"auto, (max-width:767px) 303px, 303px\" \/><br \/>\nBeginn der Kanalarbeiten in der Seestra\u00dfe<\/p>\n<p style=\"text-align: center;\"><img loading=\"lazy\" decoding=\"async\" class=\"alignnone size-full wp-image-5823 aligncenter\" src=\"https:\/\/koenigseggwald.de\/wp-content\/uploads\/2026\/03\/26-10_Bild-3.png\" alt=\"\" width=\"489\" height=\"368\" srcset=\"https:\/\/koenigseggwald.de\/wp-content\/uploads\/2026\/03\/26-10_Bild-3.png 489w, https:\/\/koenigseggwald.de\/wp-content\/uploads\/2026\/03\/26-10_Bild-3-300x226.png 300w, https:\/\/koenigseggwald.de\/wp-content\/uploads\/2026\/03\/26-10_Bild-3-100x75.png 100w\" sizes=\"auto, (max-width:767px) 489px, 489px\" \/><br \/>\nDas Baugebiet mit abgetragenem Mutterboden<\/p>\n<hr style=\"margin-top: 30px; margin-bottom: 30px;\" \/>\n<h3>Vereinsnachrichten:<\/h3>\n<h4><em>Kinderkleiderbasar \u201eRund ums Kind\u201c mit Storchenzeit in K\u00f6nigseggwald!<\/em><\/h4>\n<p>Am Samstag, den 21. M\u00e4rz 2026, veranstaltet das Basar-Team seinen Fr\u00fchjahrs-Kinderkleider-Basar mit Schwangerschaftskleidung im B\u00fcrgersaal in K\u00f6nigseggwald.<br \/>\nAngeboten werden gut erhaltene und moderne Fr\u00fchjahr- und Sommerbekleidung f\u00fcr Kinder, Schwangerschaftskleidung, Babyausstattung, Autositze, Kinderwagen, Spielwaren, Sportartikel, usw.<br \/>\n<strong>Verkauf f\u00fcr Schwangere, Storchenzeit:<\/strong><br \/>\n<strong>Samstag, den 21.03.2026 ab 12.00 Uhr<\/strong><br \/>\n<strong>Verkauf f\u00fcr alle anderen:<\/strong><br \/>\n<strong>Samstag, den 21.03.2026 von 13.00 Uhr bis 15.00 Uhr<\/strong><br \/>\nW\u00e4hrend des Verkaufs am Samstagnachmittag bieten wir Kuchen zum Mitnehmen an.<\/p>\n<p><strong>Wir freuen uns auf Euch \u2013 das Basar Team, K\u00f6nigseggwald<\/strong><\/p>\n<hr style=\"margin-top: 30px; margin-bottom: 30px;\" \/>\n<h4>Fanfarenzug K\u00f6nigseggwald<\/h4>\n<p><strong>42. K\u00f6nigseggwald Osterlauf<\/strong><br \/>\nam 04.04.2026<br \/>\num 14:00 Uhr<br \/>\nam Vereinsheim in K\u00f6nigseggwald<\/p>\n<p>Wir veranstalten am Karsamstag, den 04.04.2026 wieder den traditionellen Osterlauf in K\u00f6nigseggwald und m\u00f6chten alle Lauffreunde aus nah und fern dazu einladen.<\/p>\n<p>Gestartet wird um 14:00 Uhr im Kapellenweg in K\u00f6nigseggwald. Der Rundkurs f\u00fchrt die L\u00e4uferinnen und L\u00e4ufer \u00fcber die Laubbachm\u00fchle durchs Pfrunger-Burgweiler-Ried \u00fcber Laubbach zur\u00fcck nach K\u00f6nigseggwald.<\/p>\n<p>Die Streckenl\u00e4nge betr\u00e4gt bei den Herren 8,8 km sowie 6,5 km bei den Damen, der Jugend U-15 (bis einschlie\u00dflich Jahrgang 2002) und den Nordic Walkern und Walkerinnen.<br \/>\nAlle Teilnehmer k\u00f6nnen sich zwischen 13:00 Uhr und 13:45 Uhr am Vereinsheim in K\u00f6nigseggwald anmelden.<\/p>\n<p>Alle Titelverteidiger werden auch gebeten die Wanderpokale bei der Anmeldung zur\u00fcck zu geben.<br \/>\nVielen Dank.<\/p>\n<p>Die Teilnahme erfolgt auf eigenes Risiko, eine Startgeb\u00fchr wird nicht erhoben.<br \/>\nDie Siegerehrung findet gegen 16:00 Uhr im Vereinsheim statt.<\/p>\n<hr style=\"margin-top: 30px; margin-bottom: 30px;\" \/>\n<h3>Naturschutzzentrum Wilhelmsdorf<\/h3>\n<p><strong>Sonder-Ausstellung \u201eHeimische Unterwasserwelten\u201c von Rolf Pf\u00e4nder!<\/strong><br \/>\nDer passionierte Unterwasserfotograf Rolf Pf\u00e4nder (geb\u00fcrtiger Saulgauer, Malermeister und Laienschauspieler) pr\u00e4sentiert Bilder aus heimischen Gew\u00e4ssern und dokumentiert die Sch\u00f6nheit des Lebens unterhalb der Wasseroberfl\u00e4che. Der Eintritt in die Sonder-Ausstellung ist frei.<\/p>\n<p><strong>Zur Ausleihe:<\/strong> Aktuell kann unser <strong>Moorforscher-Rucksack in der Winter-Ausgabe<\/strong> ausgeliehen werden! Er enth\u00e4lt alles, was ein Moordetektiv braucht: Nach einer Einf\u00fchrungsgeschichte sind \u00fcber acht Stationen Aufgaben zu l\u00f6sen: es wird beobachtet, gesucht, experimentiert, gepuzzelt und ger\u00e4tselt. Knackt den Code und holt euch eine kleine \u00dcberraschung ab!<\/p>\n<p>Am <strong>21. M\u00e4rz 2026<\/strong> findet im Naturschutzzentrum Wilhelmsdorf <strong>eine Fortbildung des Netzwerks Umwelt zum Thema Naturfarben<\/strong> statt. Darin geht es sowohl um das nat\u00fcrliche Vorkommen und die Funktion der Farbe als auch darum eigene Tinte herzustellen.<\/p>\n<p>Vom <strong>21. bis zum 29. M\u00e4rz 2026<\/strong> findet im Naturschutzzentrum der <strong>Fr\u00fchlingsmarkt<\/strong> statt. Durchst\u00f6bern Sie nach Kaffee und Kuchen, eine gro\u00dfe Auswahl in Handarbeit erstellte Produkte von regionalen Ausstellern und genie\u00dfen den Beginn des Fr\u00fchlings mit uns. Der Fr\u00fchlingsmarkt ist zu den g\u00e4ngigen \u00d6ffnungszeiten Dienstag bis Freitag, 13:30-17:00 Uhr, am Wochenende und Feiertagen von 10:00-17:00 Uhr ge\u00f6ffnet.<\/p>\n<p>Unser Infotheken-Team begr\u00fc\u00dft Sie wieder mit <strong>Kuchen im Glas, Hei\u00df- und Kaltgetr\u00e4nken und Snacks<\/strong> zu den g\u00e4ngigen \u00d6ffnungszeiten Dienstag bis Freitag, 13:30-17:00 Uhr, am Wochenende und Feiertagen von 10:00-17:00 Uhr.<\/p>\n<p>Weitere <strong>Informationen zu Veranstaltungen<\/strong> finden Sie auf unserer Homepage <a href=\"https:\/\/pfrunger-burgweiler-ried.de\/\" target=\"_blank\" rel=\"noopener\">https:\/\/pfrunger-burgweiler-ried.de\/<\/a>[\/vc_column_text][\/vc_column][\/vc_row][vc_row disable_element=&#8220;yes&#8220;][vc_column width=&#8220;1\/2&#8243;][vc_single_image image=&#8220;3739&#8243; img_size=&#8220;medium&#8220;][\/vc_column][vc_column width=&#8220;1\/2&#8243;][vc_single_image image=&#8220;3743&#8243; img_size=&#8220;medium&#8220;][\/vc_column][\/vc_row][vc_row disable_element=&#8220;yes&#8220;][vc_column][vc_column_text]<\/p>\n<h3><\/h3>\n<h3><strong>Kath. Kindergarten St. Georg <\/strong><\/h3>\n<p>Seit dem 22. Februar 2021 arbeiten wir im \u201eRegelbetrieb unter Pandemiebedingungen\u201c. Seit diesem Tag d\u00fcrfen wieder alle Kinder zu ihren gewohnten Zeiten zu uns in den Kindergarten kommen. Die bereits seit langem geltenden Hygienema\u00dfnahmen werden konsequent umgesetzt. F\u00fcr die Kinder ist vieles zur Routine geworden: Das vermehrte H\u00e4nde waschen, vor allem beim Betreten und Verlassen des Kindergartens. Sich an der Eingangst\u00fcre von Mama oder Papa zu verabschieden weil Eltern nicht in den Kindergarten kommen d\u00fcrfen, dass sie ihr Essen nicht teilen d\u00fcrfen und sich nicht selbst Essen sch\u00f6pfen d\u00fcrfen und vieles mehr. Dass wir Erzieherinnen im Kindergarten bei Begegnungen untereinander eine Mundschutzmaske tragen, ist f\u00fcr die Kinder inzwischen ein gewohntes Bild. Erfreulicherweise hatten wir bis heute keine Corona positiven Kinder zu vermelden \u2013 wir hoffen, dass dies auch nicht eintreten wird. Sollte dies der Fall werden, liegt ein exakter Handlungsplan vor, nach welchem wir als Kindergarten handeln m\u00fcssen.<\/p>\n<p>Seit der ersten M\u00e4rzwoche kommt einmal pro Woche ein geschulter Mitarbeiter der Hodrus`schen Apotheke zu uns in den Pfarrsaal, und nimmt einen Schnelltest von uns p\u00e4dagogischen Mitarbeiterinnen.<\/p>\n<p>In der t\u00e4glichen Arbeit mit den Kindern ist die religi\u00f6se Erziehung mit der Vorbereitung auf Ostern und Palmsonntag unser Schwerpunkt. Alles rund um Osterhasen, H\u00fchnern, Eiern ist f\u00fcr die Kinder spannend und lassen sich daf\u00fcr begeistern. Aber auch Bilder und Geschichten zu Jesu Einzug in Jerusalem faszinieren die Kinder sehr.<\/p>\n<p>N\u00e4here Informationen zum Palmsonntag k\u00f6nnen Sie nachfolgend lesen.<\/p>\n<p>Ihr Erzieherinnenteam <strong>Kath. Kindergarten St. Georg <\/strong>Seestra\u00dfe 2, 88376 K\u00f6nigseggwald Tel.: 07587\/535 email: kindergarten-st.georg@gmx.de<\/p>\n<p>&nbsp;<\/p>\n<p><strong>Von einer neuen Wegstrecke<\/strong><\/p>\n<p><em>Du unbekannter Weg, deinetwegen lasse ich Vergangenes zur\u00fcck. Doch manches was mir kostbar ist, nehme ich mit, es redet zu mir und st\u00e4rkt mich. Menschen, die ich mag, bleiben zur\u00fcck, aber ihre guten W\u00fcnsche gehen mit mir.<\/em><\/p>\n<p><em>Du unbekannter Weg, ich komme. Was werde ich auf Dir finden?<\/em><\/p>\n<p><em>Einmal, in Jahren, werde ich auf diese Wegstrecke zur\u00fcckschauen. Ich w\u00fcnsche mir, dass ich dann sagen kann: Genau das war mein Weg!<\/em><\/p>\n<p>Wolfgang Longardt<\/p>\n<p><strong>\u00a0<\/strong><\/p>\n<p>Meine T\u00e4tigkeit als Kindergartenleitung hier im kath. Kindergarten St. Georg geht zum 31.M\u00e4rz 2021 zu Ende. Ab 01. April beginne ich als p\u00e4dagogische Mitarbeiterin im Montessori Kindergarten in Wilhelmsdorf. Ich denke mit vielen Erinnerungen an meine Arbeit hier in K\u00f6nigseggwald zur\u00fcck, doch mit gro\u00dfer Vorfreude denke ich an meine neue Aufgabe. Ich freue mich sehr, mich \u00fcberwiegend der Arbeit mit den Kindern widmen zu d\u00fcrfen und den vielf\u00e4ltigen und anspruchsvollen Aufgaben einer Kindergartenleitung den R\u00fccken zu kehren, In der Arbeit mit den Kindern sehe ich meine zuk\u00fcnftige Aufgabe, und auf diesen Wechsel freue ich mich sehr.<\/p>\n<p>Am 1. September 2007 fing ich hier als Teilzeitkraft an, und am 01. September 2009 \u00fcbernahm ich die Leitung. An dieser Stelle sage ich ein ganz herzliches \u201eVergelt`s Gott\u201c an alle, welche mich und \u201emeinen\u201c Kindergarten in diesen ganzen Jahren in irgendeiner Form unterst\u00fctzten, mit mir kompetent und zielorientiert kooperierten, und mir ihr Vertrauen geschenkt haben.<\/p>\n<p>Ich w\u00fcnsche meinem Team, dem Tr\u00e4ger, Herrn B\u00fcrgermeister Fuchs und unserer KBV Frau Weber vom Verwaltungszentrum weiterhin ein vertrauensvolles, kompetentes Miteinander.<\/p>\n<p>Ihnen allen w\u00fcnsche ich f\u00fcr die Zukunft alles Gute, viel Gesundheit und vor allem viel Optimismus und Durchhalteverm\u00f6gen in dieser Zeit der Pandemie.<\/p>\n<p>Sabine Kemmer<\/p>\n<p><strong>\u00a0<\/strong><\/p>\n<h3><strong>Palmenverkauf<\/strong><\/h3>\n<p>Am Palmsonntag verkaufen wir, die Eltern der St. Georg Kindergartenkinder, vor der Kirche wieder kleine handgefertigte Palmen f\u00fcr 2,50\u20ac.<\/p>\n<p>Wer m\u00f6chte, kann die Palmen auch gerne ab Samstag, den 27.03.2021 im Treffpunkt Manz oder in Rimmele`s Hofladen kaufen.<\/p>\n<p>Wir werden jeweils ein K\u00e4sschen aufstellen, daher bitten wir Sie, den Betrag passend mitzubringen.<\/p>\n<p>Da die Kinder flei\u00dfig mithelfen, geht nat\u00fcrlich der gesamte Gewinn an den St. Georg Kindergarten.<\/p>\n<p>Der Elternbeirat<\/p>\n<p>Hosianna!<\/p>\n<p>Gelobt sei, der da kommt in dem Namen des Herrn,<\/p>\n<p>der K\u00f6nig von Israel!<\/p>\n<p><img loading=\"lazy\" decoding=\"async\" class=\"size-full wp-image-3749 alignnone\" src=\"https:\/\/homepage-qkr4bkkudr.live-website.com\/wp-content\/uploads\/2021\/03\/palmesel.jpg.png\" alt=\"\" width=\"368\" height=\"380\" srcset=\"https:\/\/koenigseggwald.de\/wp-content\/uploads\/2021\/03\/palmesel.jpg.png 368w, https:\/\/koenigseggwald.de\/wp-content\/uploads\/2021\/03\/palmesel.jpg-291x300.png 291w, https:\/\/koenigseggwald.de\/wp-content\/uploads\/2021\/03\/palmesel.jpg-141x146.png 141w, https:\/\/koenigseggwald.de\/wp-content\/uploads\/2021\/03\/palmesel.jpg-48x50.png 48w, https:\/\/koenigseggwald.de\/wp-content\/uploads\/2021\/03\/palmesel.jpg-73x75.png 73w\" sizes=\"auto, (max-width:767px) 368px, 368px\" \/><\/p>\n<p>Hosianna!<\/p>\n<p>Gelobt sei, der da kommt in dem Namen des Herrn,<\/p>\n<p>der K\u00f6nig von Israel! Joh 12, 12<\/p>\n<p><strong>\u00a0<\/strong><\/p>\n<p><strong>\u00a0<\/strong><\/p>\n<h3><strong>Kindergarten St. Georg<\/strong><\/h3>\n<p><strong>Verabschiedung Frau Kemmer<\/strong><\/p>\n<p>&nbsp;<\/p>\n<p>Im Kindergarten St. Georg gibt es Ver\u00e4nderungen. BM Fuchs und Frau Geser verabschiedeten im Rahmen einer Teamsitzung Kindergartenleitung Frau Kemmer.<\/p>\n<p>Wir m\u00f6chten an dieser Stelle die Gelegenheit nutzen, Frau Kemmer f\u00fcr die Zeit im Kindergarten St. Georg ein herzliches Dankesch\u00f6n auszusprechen. Sie hat unseren Kindergarten \u00fcber 11 Jahre mit viel Engagement, Kreativit\u00e4t und viel Freude geleitet. Danke sagen m\u00f6chten wir auch f\u00fcr die gute Zusammenarbeit zwischen der Kirchengemeinde und dem Kindergarten, immer in guter Kooperation mit der b\u00fcrgerlichen Gemeinde, die Begleitung der Kinder in K\u00f6nigseggwald und das gute Miteinander mit den Eltern.<\/p>\n<p>Wir w\u00fcnschen Frau Kemmer f\u00fcr die Zukunft alles Gute und viel Freude in Ihrer\u00a0 neuen Arbeitsstelle und dass Sie unseren Kindergarten\u00a0 doch ein bisschen im Herzen beh\u00e4lt.<\/p>\n<p>F\u00fcr die Kirchengemeinde<\/p>\n<p>Martina Geser, gew\u00e4hlte Vorsitzende<\/p>\n<p><img loading=\"lazy\" decoding=\"async\" class=\"size-medium wp-image-3747 alignnone\" src=\"https:\/\/homepage-qkr4bkkudr.live-website.com\/wp-content\/uploads\/2021\/03\/image0-300x225.jpeg\" alt=\"\" width=\"300\" height=\"225\" srcset=\"https:\/\/koenigseggwald.de\/wp-content\/uploads\/2021\/03\/image0-300x225.jpeg 300w, https:\/\/koenigseggwald.de\/wp-content\/uploads\/2021\/03\/image0-768x576.jpeg 768w, https:\/\/koenigseggwald.de\/wp-content\/uploads\/2021\/03\/image0-195x146.jpeg 195w, https:\/\/koenigseggwald.de\/wp-content\/uploads\/2021\/03\/image0-50x38.jpeg 50w, https:\/\/koenigseggwald.de\/wp-content\/uploads\/2021\/03\/image0-100x75.jpeg 100w, https:\/\/koenigseggwald.de\/wp-content\/uploads\/2021\/03\/image0-960x720.jpeg 960w, https:\/\/koenigseggwald.de\/wp-content\/uploads\/2021\/03\/image0.jpeg 1024w\" sizes=\"auto, (max-width:767px) 300px, 300px\" \/><\/p>\n<h3><\/h3>\n<h3><strong>Osterkerzenverkauf der Ministranten K\u00f6nigseggwald<\/strong><\/h3>\n<p>Liebe Gemeindemitglieder,<\/p>\n<p>wie jedes Jahr verkaufen die Ministranten traditionell die selbst hergestellten Osterkerzen. Unter Pandemiebedienungen ist alles anders.<\/p>\n<p>Sie haben die M\u00f6glichkeit die gesegneten Osterkerzen von Pfarrer Jeeson ab sofort im Treffpunkt Manz in K\u00f6nigseggwald f\u00fcr 3\u20ac zu erwerben. Der Erl\u00f6s kommt den Ministranten in K\u00f6nigseggwald zu Gute. Gerne bringen wir Ihnen auch eine Kerze nach Hause. Melden Sie sich dazu bitte bei Fam. Geser Tel: 07587-950732<\/p>\n<p>Wir w\u00fcnschen Ihnen eine gesegnete Osterzeit und bleiben Sie gesund.<\/p>\n<p>Ihre Ministranten aus K\u00f6nigseggwald<\/p>\n<p>&nbsp;<\/p>\n<h3><strong><u>Vereinsnachrichten:<\/u><\/strong><\/h3>\n<p><strong>Fanfarenzug K\u00f6nigseggwald<\/strong><\/p>\n<p><strong><u>Der Weg ist das Ziel!<\/u><\/strong><\/p>\n<ul>\n<li style=\"list-style-type: none;\">\n<ul>\n<li style=\"list-style-type: none;\">\n<ol start=\"40\">\n<li><strong><u> \u201einoffizieller\u201c K\u00f6nigseggwalder Osterlauf am<br \/>\n03. April 2021<\/u><\/strong><\/li>\n<\/ol>\n<\/li>\n<\/ul>\n<\/li>\n<\/ul>\n<p>Leider kann der Osterlauf K\u00f6nigseggwald dieses Jahr wieder nicht stattfinden. Jedoch lassen es sich ein paar K\u00f6nigseggwalder L\u00e4ufer sich diese Tradition nicht nehmen und laufen auf eigene Faust.<\/p>\n<p>Wir laden alle laufbegeisterten mit dazu ein diese Tradition am Leben zu erhalten. Jeder der mitmachen will, startet selbst\u00e4ndig wie gewohnt im Kapellenweg egal zu welcher Uhrzeit, stoppt selbst seine Zeit und teilt je nach belieben seinen Erfolg in der WhatsApp Gruppe <strong>\u201eCorona Osterlauf 2021\u201c<\/strong> unter dem Link<\/p>\n<p><a href=\"https:\/\/chat.whatsapp.com\/EcCEy8uhEO63usH4pRXq3V\">https:\/\/chat.whatsapp.com\/EcCEy8uhEO63usH4pRXq3V<\/a><\/p>\n<p>Bitte haltet beim laufen die geltenden Corona Regeln ein, und sammelt euch bitte nicht am Start\/Ziel und bildet bitte keine Gruppen. Der Weg ist nicht Ausgeschildert und es gibt keine Streckenposten f\u00fcr Verpflegung.<\/p>\n<p>Die L\u00e4ufer starten auf eigene Gefahr und wir w\u00fcnschen allen viel Erfolg, und hoffen Euch, n\u00e4chstes Jahr bei einem gemeinsamen Start wieder zu sehen.[\/vc_column_text][\/vc_column][\/vc_row][vc_row full_width=&#8220;stretch_row&#8220; content_placement=&#8220;middle&#8220; css=&#8220;.vc_custom_1531395182556{margin-bottom: 80px !important;background-color: rgba(30,115,190,0.14) !important;*background-color: rgb(30,115,190) !important;}&#8220;][vc_column][vc_column_text]<\/p>\n<p style=\"text-align: center;\">Das gesamten Verbandsanzeiger und das\u00a0Katholische Kirchenblatt k\u00f6nnen Sie direkt bei der Druckerei Restle bestellen:<\/p>\n<p style=\"text-align: center;\"><strong>Druck und Verlag &#8211; Fa. Restle GmbH<\/strong><br \/>\nHindenburgstr. 40-42,<br \/>\n88361 Altshausen<br \/>\nTelefon : 07584 \/ 3507 &#8211; Fax : 07584 \/ 2745<\/p>\n<p style=\"text-align: center;\"><strong><a href=\"mailto:restle-druck@t-online.de\">restle-druck@t-online.de<\/a><\/strong><\/p>\n<p>[\/vc_column_text][\/vc_column][\/vc_row]<\/p>\n","protected":false},"excerpt":{"rendered":"<p>[vc_row css=&#8220;.vc_custom_1531391917905{background-color: #ededed !important;}&#8220;][vc_column][vc_custom_heading text=&#8220;K\u00f6nigseggwalder Verbandsanzeiger&#8220; font_container=&#8220;tag:h2|text_align:center&#8220; google_fonts=&#8220;font_family:Roboto%3A100%2C100italic%2C300%2C300italic%2Cregular%2Citalic%2C500%2C500italic%2C700%2C700italic%2C900%2C900italic|font_style:400%20regular%3A400%3Anormal&#8220;][\/vc_column][\/vc_row][vc_row css=&#8220;.vc_custom_1531392462926{margin-top: -30px !important;background-color: #ededed !important;}&#8220;][vc_column width=&#8220;1\/3&#8243;][\/vc_column][vc_column width=&#8220;1\/3&#8243;][vc_custom_heading<span class=\"excerpt-hellip\"> [\u2026]<\/span><\/p>\n","protected":false},"author":6,"featured_media":1792,"comment_status":"closed","ping_status":"closed","sticky":false,"template":"","format":"standard","meta":{"footnotes":""},"categories":[11],"tags":[],"class_list":["post-5817","post","type-post","status-publish","format-standard","has-post-thumbnail","hentry","category-verbandsanzeiger"],"_links":{"self":[{"href":"https:\/\/koenigseggwald.de\/index.php\/wp-json\/wp\/v2\/posts\/5817","targetHints":{"allow":["GET"]}}],"collection":[{"href":"https:\/\/koenigseggwald.de\/index.php\/wp-json\/wp\/v2\/posts"}],"about":[{"href":"https:\/\/koenigseggwald.de\/index.php\/wp-json\/wp\/v2\/types\/post"}],"author":[{"embeddable":true,"href":"https:\/\/koenigseggwald.de\/index.php\/wp-json\/wp\/v2\/users\/6"}],"replies":[{"embeddable":true,"href":"https:\/\/koenigseggwald.de\/index.php\/wp-json\/wp\/v2\/comments?post=5817"}],"version-history":[{"count":9,"href":"https:\/\/koenigseggwald.de\/index.php\/wp-json\/wp\/v2\/posts\/5817\/revisions"}],"predecessor-version":[{"id":5831,"href":"https:\/\/koenigseggwald.de\/index.php\/wp-json\/wp\/v2\/posts\/5817\/revisions\/5831"}],"wp:featuredmedia":[{"embeddable":true,"href":"https:\/\/koenigseggwald.de\/index.php\/wp-json\/wp\/v2\/media\/1792"}],"wp:attachment":[{"href":"https:\/\/koenigseggwald.de\/index.php\/wp-json\/wp\/v2\/media?parent=5817"}],"wp:term":[{"taxonomy":"category","embeddable":true,"href":"https:\/\/koenigseggwald.de\/index.php\/wp-json\/wp\/v2\/categories?post=5817"},{"taxonomy":"post_tag","embeddable":true,"href":"https:\/\/koenigseggwald.de\/index.php\/wp-json\/wp\/v2\/tags?post=5817"}],"curies":[{"name":"wp","href":"https:\/\/api.w.org\/{rel}","templated":true}]}}