{"id":4843,"date":"2024-02-28T09:19:03","date_gmt":"2024-02-28T08:19:03","guid":{"rendered":"https:\/\/koenigseggwald.de\/?p=4843"},"modified":"2024-02-28T09:19:03","modified_gmt":"2024-02-28T08:19:03","slug":"verbandsanzeiger-28-02-2024","status":"publish","type":"post","link":"https:\/\/koenigseggwald.de\/index.php\/verbandsanzeiger-28-02-2024\/","title":{"rendered":"Verbandsanzeiger 28.02.2024"},"content":{"rendered":"<p>[vc_row css=&#8220;.vc_custom_1531391917905{background-color: #ededed !important;}&#8220;][vc_column][vc_custom_heading text=&#8220;K\u00f6nigseggwalder Verbandsanzeiger&#8220; font_container=&#8220;tag:h2|text_align:center&#8220; google_fonts=&#8220;font_family:Roboto%3A100%2C100italic%2C300%2C300italic%2Cregular%2Citalic%2C500%2C500italic%2C700%2C700italic%2C900%2C900italic|font_style:400%20regular%3A400%3Anormal&#8220;][\/vc_column][\/vc_row][vc_row css=&#8220;.vc_custom_1531392462926{margin-top: -30px !important;background-color: #ededed !important;}&#8220;][vc_column width=&#8220;1\/3&#8243;][\/vc_column][vc_column width=&#8220;1\/3&#8243;][vc_custom_heading text=&#8220;28.02.2024&#8243; font_container=&#8220;tag:h4|font_size:14|text_align:center&#8220; google_fonts=&#8220;font_family:Roboto%3A100%2C100italic%2C300%2C300italic%2Cregular%2Citalic%2C500%2C500italic%2C700%2C700italic%2C900%2C900italic|font_style:400%20regular%3A400%3Anormal&#8220;][\/vc_column][vc_column width=&#8220;1\/3&#8243;][\/vc_column][\/vc_row][vc_row css=&#8220;.vc_custom_1531392125335{padding-right: 20px !important;padding-left: 20px !important;background-color: rgba(0,0,0,0.06) !important;*background-color: rgb(0,0,0) !important;border-radius: 3px !important;}&#8220;][vc_column css=&#8220;.vc_custom_1643727178395{border-radius: 3px !important;}&#8220;][vc_column_text]<\/p>\n<h3><strong>Aus der Gemeinderatssitzung vom 22.02.2024<\/strong><\/h3>\n<p><strong>1. Festlegen der Wahlaussch\u00fcsse<\/strong><br \/>\n&#8211; Europawahl<br \/>\n&#8211; Gemeinsamer Briefwahlausschuss f\u00fcr die Gemeinden Boms, Eichstegen, Guggenhausen, K\u00f6nigseggwald, Riedhausen und Unterwaldhausen<br \/>\n&#8211; Kreistags- und Gemeinderatswahl<br \/>\nDer Gemeinderat beschlie\u00dft die Besetzung der Wahlaussch\u00fcsse einstimmig, wie von der Verwaltung vorgeschlagen.<\/p>\n<p><strong>2. Vereinszuwendungen<\/strong><br \/>\nDer Vorsitzende schl\u00e4gt vor, folgende Vereinszuwendungen zu gew\u00e4hren:<\/p>\n<p>Musikverein K\u00f6nigseggwald 850,00 \u20ac<br \/>\nFanfarenzug K\u00f6nigseggwald 650,00 \u20ac<br \/>\nNarrenverein K\u00f6nigseggwald 500,00 \u20ac<br \/>\nLandjugend K\u00f6nigseggwald 500,00 \u20ac<\/p>\n<p>Der Gemeinderat beschloss diese Zuwendungen einstimmig.<\/p>\n<p><strong>3. Investitionen<\/strong><br \/>\nVon der Verwaltung wurden f\u00fcr das Haushaltsjahr 2024 folgende Investitionen vorgeschlagen:<\/p>\n<p><img loading=\"lazy\" decoding=\"async\" class=\"alignnone wp-image-4845\" src=\"https:\/\/koenigseggwald.de\/wp-content\/uploads\/2024\/02\/Tabelle-1024x934.jpg\" alt=\"\" width=\"500\" height=\"456\" srcset=\"https:\/\/koenigseggwald.de\/wp-content\/uploads\/2024\/02\/Tabelle-1024x934.jpg 1024w, https:\/\/koenigseggwald.de\/wp-content\/uploads\/2024\/02\/Tabelle-300x274.jpg 300w, https:\/\/koenigseggwald.de\/wp-content\/uploads\/2024\/02\/Tabelle-768x701.jpg 768w, https:\/\/koenigseggwald.de\/wp-content\/uploads\/2024\/02\/Tabelle-160x146.jpg 160w, https:\/\/koenigseggwald.de\/wp-content\/uploads\/2024\/02\/Tabelle-50x46.jpg 50w, https:\/\/koenigseggwald.de\/wp-content\/uploads\/2024\/02\/Tabelle-82x75.jpg 82w, https:\/\/koenigseggwald.de\/wp-content\/uploads\/2024\/02\/Tabelle.jpg 1200w\" sizes=\"auto, (max-width:767px) 500px, 500px\" \/><\/p>\n<p>Zusch\u00fcsse und sonstige Zuwendungen sind in dieser Auflistung nicht enthalten. Diese werden im Haushaltsplan entsprechend mit abgebildet. Die noch fehlenden Kostensch\u00e4tzungen werden bis zur Beschlussfassung des Haushaltsplans nachgereicht.<\/p>\n<p>Der Gemeinderat beschloss den Investitionshaushalt einstimmig.<\/p>\n<hr style=\"margin-top: 30px; margin-bottom: 30px;\" \/>\n<h3><strong>Kindergarten K\u00f6nigseggwald<\/strong><\/h3>\n<p><img loading=\"lazy\" decoding=\"async\" class=\"alignnone wp-image-4846 size-full\" src=\"https:\/\/koenigseggwald.de\/wp-content\/uploads\/2024\/02\/KiGa_28.02.24.jpg\" alt=\"\" width=\"570\" height=\"274\" srcset=\"https:\/\/koenigseggwald.de\/wp-content\/uploads\/2024\/02\/KiGa_28.02.24.jpg 570w, https:\/\/koenigseggwald.de\/wp-content\/uploads\/2024\/02\/KiGa_28.02.24-300x144.jpg 300w, https:\/\/koenigseggwald.de\/wp-content\/uploads\/2024\/02\/KiGa_28.02.24-260x125.jpg 260w, https:\/\/koenigseggwald.de\/wp-content\/uploads\/2024\/02\/KiGa_28.02.24-50x24.jpg 50w, https:\/\/koenigseggwald.de\/wp-content\/uploads\/2024\/02\/KiGa_28.02.24-150x72.jpg 150w\" sizes=\"auto, (max-width:767px) 570px, 570px\" \/><\/p>\n<hr style=\"margin-top: 30px; margin-bottom: 30px;\" \/>\n<h3><strong>Vereinsnachrichten:<\/strong><\/h3>\n<p><strong>Musikverein K\u00f6nigseggwald e.V.<\/strong><br \/>\n<strong>Altpapiersammlung<\/strong><br \/>\nDer F\u00f6rderverein des Musikvereins f\u00fchrt am Samstag, 02.03.2024 ab 09:00 Uhr wieder eine Altpapiersammlung durch. Bitte legen Sie Ihr Altpapier bis 09:00 Uhr geb\u00fcndelt am Stra\u00dfenrand zur Abholung bereit. Mit Ihrer \u201eAltpapierspende\u201c unterst\u00fctzen Sie die Jugendarbeit des Musikvereins.<br \/>\n<strong>Weitere Termine f\u00fcr Altpapiersammlungen (jeweils ab 9:00 Uhr)<\/strong><br \/>\n08.06.2024<br \/>\n31.08.2024<br \/>\n07.12.2024<\/p>\n<p><strong>Fr\u00fchschoppen im B\u00fcrgersaal <\/strong><br \/>\nUnter dem Motto &#8222;Gl\u00fcck ist, wenn der Bass einsetzt!&#8220; hatten wir letztes Jahr die erfolgreiche Spendenaktion f\u00fcr unsere neue Tuba abgeschlossen. Hierf\u00fcr m\u00f6chten wir DANKE sagen, f\u00fcr Ihre Unterst\u00fctzung! Ein Projekt dieser Gr\u00f6\u00dfenordnung h\u00e4tten wir ohne die Unterst\u00fctzung vieler Spender*Innen nicht schaffen k\u00f6nnen. Deshalb werden wir am Sonntag, den 14.04. ab 11 Uhr einen Fr\u00fchschoppen im B\u00fcrgersaal in K\u00f6nigseggwald veranstalten. Freuen Sie sich auf ein bunt gemischtes Unterhaltungsprogramm unter der Leitung von Fabian Ke\u00dfler. F\u00fcr das leibliche Wohl ist gesorgt.<br \/>\nWir freuen uns darauf, mit Ihnen die Tuba offiziell einzuweihen!<\/p>\n<p><strong>Auftritt in Ersingen<\/strong><br \/>\nF\u00fcr unseren Auftritt in Ersingen am 01.05.2024 von 14:30-17:30 Uhr haben wir einen Bus organisiert.<br \/>\nWir w\u00fcrden uns \u00fcber viele Schlachtenbummler freuen, die uns begleiten.<br \/>\nAbfahrt am Probelokal um 12:30 Uhr<br \/>\nR\u00fcckfahrt um etwa 19:30 Uhr<br \/>\nAnmeldung f\u00fcr die Busfahrt bitte bei der Vorstandschaft!<\/p>\n<p><strong>Weitere Auftritte\/Veranstaltungen<\/strong><br \/>\n21.04.2024 Erstkommunion K\u00f6nigseggwald<br \/>\n30.04.2024 Maibaumstellen K\u00f6nigseggwald<br \/>\n29.05.-02.06.2024 Musikfest am Festplatz K\u00f6nigseggwald<br \/>\n30.05.2024 Fronleichnam K\u00f6nigseggwald<br \/>\n25.08.2024 Auftritt in Wilflingen\/Langenenslingen 14:30 Uhr<br \/>\n08.09.2024 Schuppenfest Laubbach<br \/>\n13.10.2024 Auftritt am Oldtimertreffen K\u00f6nigseggwald<br \/>\n17.11.2024 Volkstrauertag K\u00f6nigseggwald<\/p>\n<hr style=\"margin-top: 30px; margin-bottom: 30px;\" \/>\n<p><strong>FANFARENZUG K\u00d6NIGSEGGWALD<\/strong><br \/>\nAm Samstag, den 09.03.2024 um 20:00 Uhr findet unsere j\u00e4hrliche Generalversammlung im Goldenen L\u00f6wen statt.<\/p>\n<p>TAGESORDNUNGSPUNKTE:<br \/>\n1. Begr\u00fc\u00dfung<br \/>\n2. Totenehrung<br \/>\n3. Bericht Schriftf\u00fchrer<br \/>\n4. Bericht Kassierer<br \/>\n5. Bericht Kassenpr\u00fcfer<br \/>\n6. Entlastung der Vorstandschaft<br \/>\n7. Neuwahlen<br \/>\n8. W\u00fcnsche, Antr\u00e4ge und Sonstiges<\/p>\n<p>W\u00fcnsche und Antr\u00e4ge werden bis sp\u00e4testens 08.03.24 bei unserem Vorstand Andr\u00e9 Knoll oder per Mail: <a href=\"mailto:fanfarenzug.koenigseggwald@gmail.com\">fanfarenzug.koenigseggwald@gmail.com<\/a> angenommen.<\/p>\n<p>WIR SUCHEN DICH<br \/>\n&#8222;We want you&#8220;<\/p>\n<p>Wenn du Bock hast ein Instrument zu erlernen, z.B. Fanfare, Horn, Bass oder Fahne schwingen, und eine gute Kameradschaft, tolles Vereinsleben und coole Events erleben m\u00f6chtest, dann w\u00fcrden wir uns sehr freuen DICH (ab 10 Jahren) kennen lernen zu d\u00fcrfen. Gerne kannst du Dich bei unserem Vorstand Andr\u00e9 Knoll 0162 6129508 melden oder per Mail: <a href=\"mailto:fanfarenzug.koenigseggwald@gmail.com\">fanfarenzug.koenigseggwald@gmail.com<\/a> Kontakt mit uns aufnehmen.<\/p>\n<p>Wir freuen uns auf DICH<\/p>\n<hr style=\"margin-top: 30px; margin-bottom: 30px;\" \/>\n<h3><strong><img loading=\"lazy\" decoding=\"async\" class=\"alignnone size-medium wp-image-4847\" src=\"https:\/\/koenigseggwald.de\/wp-content\/uploads\/2024\/02\/Maschinenring-300x92.png\" alt=\"\" width=\"300\" height=\"92\" srcset=\"https:\/\/koenigseggwald.de\/wp-content\/uploads\/2024\/02\/Maschinenring-300x92.png 300w, https:\/\/koenigseggwald.de\/wp-content\/uploads\/2024\/02\/Maschinenring-260x80.png 260w, https:\/\/koenigseggwald.de\/wp-content\/uploads\/2024\/02\/Maschinenring-50x15.png 50w, https:\/\/koenigseggwald.de\/wp-content\/uploads\/2024\/02\/Maschinenring-150x46.png 150w, https:\/\/koenigseggwald.de\/wp-content\/uploads\/2024\/02\/Maschinenring.png 382w\" sizes=\"auto, (max-width:767px) 300px, 300px\" \/><\/strong><\/h3>\n<p><strong>Maschinenring Alb-Oberschwaben e.V.<\/strong><br \/>\n88356 Ostrach, Hauptstra\u00dfe 17<br \/>\n<strong>Infoveranstaltung MRVV Notfallplanung<\/strong><br \/>\nGemeinsam mit der MRVV organisieren wir eine Infoveranstaltung zum Thema \u201eWie geht\u2019s weiter, wenn der Betriebsleiter ausf\u00e4llt?\u201c Im Vortrag werden die pragmatische Umsetzung von Vorsorgevollmacht, Betreuungs- und Patientenverf\u00fcgung sowie die Unternehmervollmacht angesprochen. Dabei werden sowohl die rechtlichen als auch die finanziellen L\u00f6sungsm\u00f6glichkeiten aufgezeigt.<br \/>\nDozent: J\u00f6rg Triebke, Gesch\u00e4ftsf\u00fchrer der MRVV Deutschland, gepr\u00fcfter Nachlassberater, Testamentsvollstrecker und Fachberater f\u00fcr Notfallplanung von Unternehmen<br \/>\n<strong>Wann:<\/strong> Montag, 11. M\u00e4rz 2024 um 19:30 Uhr<br \/>\n<strong>Ort:<\/strong> Landgasthof Hirsch, Saulgauerstra\u00dfe 16, 88374 H\u00fcttenreute[\/vc_column_text][\/vc_column][\/vc_row][vc_row disable_element=&#8220;yes&#8220;][vc_column width=&#8220;1\/2&#8243;][vc_single_image image=&#8220;3739&#8243; img_size=&#8220;medium&#8220;][\/vc_column][vc_column width=&#8220;1\/2&#8243;][vc_single_image image=&#8220;3743&#8243; img_size=&#8220;medium&#8220;][\/vc_column][\/vc_row][vc_row disable_element=&#8220;yes&#8220;][vc_column][vc_column_text]<\/p>\n<p>&nbsp;<\/p>\n<h3><\/h3>\n<h3><strong>Kath. Kindergarten St. Georg <\/strong><\/h3>\n<p>Seit dem 22. Februar 2021 arbeiten wir im \u201eRegelbetrieb unter Pandemiebedingungen\u201c. Seit diesem Tag d\u00fcrfen wieder alle Kinder zu ihren gewohnten Zeiten zu uns in den Kindergarten kommen. Die bereits seit langem geltenden Hygienema\u00dfnahmen werden konsequent umgesetzt. F\u00fcr die Kinder ist vieles zur Routine geworden: Das vermehrte H\u00e4nde waschen, vor allem beim Betreten und Verlassen des Kindergartens. Sich an der Eingangst\u00fcre von Mama oder Papa zu verabschieden weil Eltern nicht in den Kindergarten kommen d\u00fcrfen, dass sie ihr Essen nicht teilen d\u00fcrfen und sich nicht selbst Essen sch\u00f6pfen d\u00fcrfen und vieles mehr. Dass wir Erzieherinnen im Kindergarten bei Begegnungen untereinander eine Mundschutzmaske tragen, ist f\u00fcr die Kinder inzwischen ein gewohntes Bild. Erfreulicherweise hatten wir bis heute keine Corona positiven Kinder zu vermelden \u2013 wir hoffen, dass dies auch nicht eintreten wird. Sollte dies der Fall werden, liegt ein exakter Handlungsplan vor, nach welchem wir als Kindergarten handeln m\u00fcssen.<\/p>\n<p>Seit der ersten M\u00e4rzwoche kommt einmal pro Woche ein geschulter Mitarbeiter der Hodrus`schen Apotheke zu uns in den Pfarrsaal, und nimmt einen Schnelltest von uns p\u00e4dagogischen Mitarbeiterinnen.<\/p>\n<p>In der t\u00e4glichen Arbeit mit den Kindern ist die religi\u00f6se Erziehung mit der Vorbereitung auf Ostern und Palmsonntag unser Schwerpunkt. Alles rund um Osterhasen, H\u00fchnern, Eiern ist f\u00fcr die Kinder spannend und lassen sich daf\u00fcr begeistern. Aber auch Bilder und Geschichten zu Jesu Einzug in Jerusalem faszinieren die Kinder sehr.<\/p>\n<p>N\u00e4here Informationen zum Palmsonntag k\u00f6nnen Sie nachfolgend lesen.<\/p>\n<p>Ihr Erzieherinnenteam <strong>Kath. Kindergarten St. Georg <\/strong>Seestra\u00dfe 2, 88376 K\u00f6nigseggwald Tel.: 07587\/535 email: kindergarten-st.georg@gmx.de<\/p>\n<p>&nbsp;<\/p>\n<p><strong>Von einer neuen Wegstrecke<\/strong><\/p>\n<p><em>Du unbekannter Weg, deinetwegen lasse ich Vergangenes zur\u00fcck. Doch manches was mir kostbar ist, nehme ich mit, es redet zu mir und st\u00e4rkt mich. Menschen, die ich mag, bleiben zur\u00fcck, aber ihre guten W\u00fcnsche gehen mit mir.<\/em><\/p>\n<p><em>Du unbekannter Weg, ich komme. Was werde ich auf Dir finden?<\/em><\/p>\n<p><em>Einmal, in Jahren, werde ich auf diese Wegstrecke zur\u00fcckschauen. Ich w\u00fcnsche mir, dass ich dann sagen kann: Genau das war mein Weg!<\/em><\/p>\n<p>Wolfgang Longardt<\/p>\n<p><strong>\u00a0<\/strong><\/p>\n<p>Meine T\u00e4tigkeit als Kindergartenleitung hier im kath. Kindergarten St. Georg geht zum 31.M\u00e4rz 2021 zu Ende. Ab 01. April beginne ich als p\u00e4dagogische Mitarbeiterin im Montessori Kindergarten in Wilhelmsdorf. Ich denke mit vielen Erinnerungen an meine Arbeit hier in K\u00f6nigseggwald zur\u00fcck, doch mit gro\u00dfer Vorfreude denke ich an meine neue Aufgabe. Ich freue mich sehr, mich \u00fcberwiegend der Arbeit mit den Kindern widmen zu d\u00fcrfen und den vielf\u00e4ltigen und anspruchsvollen Aufgaben einer Kindergartenleitung den R\u00fccken zu kehren, In der Arbeit mit den Kindern sehe ich meine zuk\u00fcnftige Aufgabe, und auf diesen Wechsel freue ich mich sehr.<\/p>\n<p>Am 1. September 2007 fing ich hier als Teilzeitkraft an, und am 01. September 2009 \u00fcbernahm ich die Leitung. An dieser Stelle sage ich ein ganz herzliches \u201eVergelt`s Gott\u201c an alle, welche mich und \u201emeinen\u201c Kindergarten in diesen ganzen Jahren in irgendeiner Form unterst\u00fctzten, mit mir kompetent und zielorientiert kooperierten, und mir ihr Vertrauen geschenkt haben.<\/p>\n<p>Ich w\u00fcnsche meinem Team, dem Tr\u00e4ger, Herrn B\u00fcrgermeister Fuchs und unserer KBV Frau Weber vom Verwaltungszentrum weiterhin ein vertrauensvolles, kompetentes Miteinander.<\/p>\n<p>Ihnen allen w\u00fcnsche ich f\u00fcr die Zukunft alles Gute, viel Gesundheit und vor allem viel Optimismus und Durchhalteverm\u00f6gen in dieser Zeit der Pandemie.<\/p>\n<p>Sabine Kemmer<\/p>\n<p><strong>\u00a0<\/strong><\/p>\n<h3><strong>Palmenverkauf<\/strong><\/h3>\n<p>Am Palmsonntag verkaufen wir, die Eltern der St. Georg Kindergartenkinder, vor der Kirche wieder kleine handgefertigte Palmen f\u00fcr 2,50\u20ac.<\/p>\n<p>Wer m\u00f6chte, kann die Palmen auch gerne ab Samstag, den 27.03.2021 im Treffpunkt Manz oder in Rimmele`s Hofladen kaufen.<\/p>\n<p>Wir werden jeweils ein K\u00e4sschen aufstellen, daher bitten wir Sie, den Betrag passend mitzubringen.<\/p>\n<p>Da die Kinder flei\u00dfig mithelfen, geht nat\u00fcrlich der gesamte Gewinn an den St. Georg Kindergarten.<\/p>\n<p>Der Elternbeirat<\/p>\n<p>Hosianna!<\/p>\n<p>Gelobt sei, der da kommt in dem Namen des Herrn,<\/p>\n<p>der K\u00f6nig von Israel!<\/p>\n<p><img loading=\"lazy\" decoding=\"async\" class=\"size-full wp-image-3749 alignnone\" src=\"https:\/\/homepage-qkr4bkkudr.live-website.com\/wp-content\/uploads\/2021\/03\/palmesel.jpg.png\" alt=\"\" width=\"368\" height=\"380\" srcset=\"https:\/\/koenigseggwald.de\/wp-content\/uploads\/2021\/03\/palmesel.jpg.png 368w, https:\/\/koenigseggwald.de\/wp-content\/uploads\/2021\/03\/palmesel.jpg-291x300.png 291w, https:\/\/koenigseggwald.de\/wp-content\/uploads\/2021\/03\/palmesel.jpg-141x146.png 141w, https:\/\/koenigseggwald.de\/wp-content\/uploads\/2021\/03\/palmesel.jpg-48x50.png 48w, https:\/\/koenigseggwald.de\/wp-content\/uploads\/2021\/03\/palmesel.jpg-73x75.png 73w\" sizes=\"auto, (max-width:767px) 368px, 368px\" \/><\/p>\n<p>Hosianna!<\/p>\n<p>Gelobt sei, der da kommt in dem Namen des Herrn,<\/p>\n<p>der K\u00f6nig von Israel! Joh 12, 12<\/p>\n<p><strong>\u00a0<\/strong><\/p>\n<p><strong>\u00a0<\/strong><\/p>\n<h3><strong>Kindergarten St. Georg<\/strong><\/h3>\n<p><strong>Verabschiedung Frau Kemmer<\/strong><\/p>\n<p>&nbsp;<\/p>\n<p>Im Kindergarten St. Georg gibt es Ver\u00e4nderungen. BM Fuchs und Frau Geser verabschiedeten im Rahmen einer Teamsitzung Kindergartenleitung Frau Kemmer.<\/p>\n<p>Wir m\u00f6chten an dieser Stelle die Gelegenheit nutzen, Frau Kemmer f\u00fcr die Zeit im Kindergarten St. Georg ein herzliches Dankesch\u00f6n auszusprechen. Sie hat unseren Kindergarten \u00fcber 11 Jahre mit viel Engagement, Kreativit\u00e4t und viel Freude geleitet. Danke sagen m\u00f6chten wir auch f\u00fcr die gute Zusammenarbeit zwischen der Kirchengemeinde und dem Kindergarten, immer in guter Kooperation mit der b\u00fcrgerlichen Gemeinde, die Begleitung der Kinder in K\u00f6nigseggwald und das gute Miteinander mit den Eltern.<\/p>\n<p>Wir w\u00fcnschen Frau Kemmer f\u00fcr die Zukunft alles Gute und viel Freude in Ihrer\u00a0 neuen Arbeitsstelle und dass Sie unseren Kindergarten\u00a0 doch ein bisschen im Herzen beh\u00e4lt.<\/p>\n<p>F\u00fcr die Kirchengemeinde<\/p>\n<p>Martina Geser, gew\u00e4hlte Vorsitzende<\/p>\n<p><img loading=\"lazy\" decoding=\"async\" class=\"size-medium wp-image-3747 alignnone\" src=\"https:\/\/homepage-qkr4bkkudr.live-website.com\/wp-content\/uploads\/2021\/03\/image0-300x225.jpeg\" alt=\"\" width=\"300\" height=\"225\" srcset=\"https:\/\/koenigseggwald.de\/wp-content\/uploads\/2021\/03\/image0-300x225.jpeg 300w, https:\/\/koenigseggwald.de\/wp-content\/uploads\/2021\/03\/image0-768x576.jpeg 768w, https:\/\/koenigseggwald.de\/wp-content\/uploads\/2021\/03\/image0-195x146.jpeg 195w, https:\/\/koenigseggwald.de\/wp-content\/uploads\/2021\/03\/image0-50x38.jpeg 50w, https:\/\/koenigseggwald.de\/wp-content\/uploads\/2021\/03\/image0-100x75.jpeg 100w, https:\/\/koenigseggwald.de\/wp-content\/uploads\/2021\/03\/image0-960x720.jpeg 960w, https:\/\/koenigseggwald.de\/wp-content\/uploads\/2021\/03\/image0.jpeg 1024w\" sizes=\"auto, (max-width:767px) 300px, 300px\" \/><\/p>\n<h3><\/h3>\n<h3><strong>Osterkerzenverkauf der Ministranten K\u00f6nigseggwald<\/strong><\/h3>\n<p>Liebe Gemeindemitglieder,<\/p>\n<p>wie jedes Jahr verkaufen die Ministranten traditionell die selbst hergestellten Osterkerzen. Unter Pandemiebedienungen ist alles anders.<\/p>\n<p>Sie haben die M\u00f6glichkeit die gesegneten Osterkerzen von Pfarrer Jeeson ab sofort im Treffpunkt Manz in K\u00f6nigseggwald f\u00fcr 3\u20ac zu erwerben. Der Erl\u00f6s kommt den Ministranten in K\u00f6nigseggwald zu Gute. Gerne bringen wir Ihnen auch eine Kerze nach Hause. Melden Sie sich dazu bitte bei Fam. Geser Tel: 07587-950732<\/p>\n<p>Wir w\u00fcnschen Ihnen eine gesegnete Osterzeit und bleiben Sie gesund.<\/p>\n<p>Ihre Ministranten aus K\u00f6nigseggwald<\/p>\n<p>&nbsp;<\/p>\n<h3><strong><u>Vereinsnachrichten:<\/u><\/strong><\/h3>\n<p><strong>Fanfarenzug K\u00f6nigseggwald<\/strong><\/p>\n<p><strong><u>Der Weg ist das Ziel!<\/u><\/strong><\/p>\n<ol start=\"40\">\n<li><strong><u> \u201einoffizieller\u201c K\u00f6nigseggwalder Osterlauf am<br \/>\n03. April 2021<\/u><\/strong><\/li>\n<\/ol>\n<p>Leider kann der Osterlauf K\u00f6nigseggwald dieses Jahr wieder nicht stattfinden. Jedoch lassen es sich ein paar K\u00f6nigseggwalder L\u00e4ufer sich diese Tradition nicht nehmen und laufen auf eigene Faust.<\/p>\n<p>Wir laden alle laufbegeisterten mit dazu ein diese Tradition am Leben zu erhalten. Jeder der mitmachen will, startet selbst\u00e4ndig wie gewohnt im Kapellenweg egal zu welcher Uhrzeit, stoppt selbst seine Zeit und teilt je nach belieben seinen Erfolg in der WhatsApp Gruppe <strong>\u201eCorona Osterlauf 2021\u201c<\/strong> unter dem Link<\/p>\n<p><a href=\"https:\/\/chat.whatsapp.com\/EcCEy8uhEO63usH4pRXq3V\">https:\/\/chat.whatsapp.com\/EcCEy8uhEO63usH4pRXq3V<\/a><\/p>\n<p>Bitte haltet beim laufen die geltenden Corona Regeln ein, und sammelt euch bitte nicht am Start\/Ziel und bildet bitte keine Gruppen. Der Weg ist nicht Ausgeschildert und es gibt keine Streckenposten f\u00fcr Verpflegung.<\/p>\n<p>Die L\u00e4ufer starten auf eigene Gefahr und wir w\u00fcnschen allen viel Erfolg, und hoffen Euch, n\u00e4chstes Jahr bei einem gemeinsamen Start wieder zu sehen.<\/p>\n<p>[\/vc_column_text][\/vc_column][\/vc_row][vc_row full_width=&#8220;stretch_row&#8220; content_placement=&#8220;middle&#8220; css=&#8220;.vc_custom_1531395182556{margin-bottom: 80px !important;background-color: rgba(30,115,190,0.14) !important;*background-color: rgb(30,115,190) !important;}&#8220;][vc_column][vc_column_text]<\/p>\n<p style=\"text-align: center;\">Das gesamten Verbandsanzeiger und das\u00a0Katholische Kirchenblatt k\u00f6nnen Sie direkt bei der Druckerei Restle bestellen:<\/p>\n<p style=\"text-align: center;\"><strong>Druck und Verlag &#8211; Fa. Restle GmbH<\/strong><br \/>\nHindenburgstr. 40-42,<br \/>\n88361 Altshausen<br \/>\nTelefon : 07584 \/ 3507 &#8211; Fax : 07584 \/ 2745<\/p>\n<p style=\"text-align: center;\"><strong><a href=\"mailto:restle-druck@t-online.de\">restle-druck@t-online.de<\/a><\/strong><\/p>\n<p>[\/vc_column_text][\/vc_column][\/vc_row]<\/p>\n","protected":false},"excerpt":{"rendered":"<p>[vc_row css=&#8220;.vc_custom_1531391917905{background-color: #ededed !important;}&#8220;][vc_column][vc_custom_heading text=&#8220;K\u00f6nigseggwalder Verbandsanzeiger&#8220; font_container=&#8220;tag:h2|text_align:center&#8220; google_fonts=&#8220;font_family:Roboto%3A100%2C100italic%2C300%2C300italic%2Cregular%2Citalic%2C500%2C500italic%2C700%2C700italic%2C900%2C900italic|font_style:400%20regular%3A400%3Anormal&#8220;][\/vc_column][\/vc_row][vc_row css=&#8220;.vc_custom_1531392462926{margin-top: -30px !important;background-color: #ededed !important;}&#8220;][vc_column width=&#8220;1\/3&#8243;][\/vc_column][vc_column width=&#8220;1\/3&#8243;][vc_custom_heading<span class=\"excerpt-hellip\"> [\u2026]<\/span><\/p>\n","protected":false},"author":6,"featured_media":1792,"comment_status":"closed","ping_status":"closed","sticky":false,"template":"","format":"standard","meta":{"footnotes":""},"categories":[11],"tags":[],"class_list":["post-4843","post","type-post","status-publish","format-standard","has-post-thumbnail","hentry","category-verbandsanzeiger"],"_links":{"self":[{"href":"https:\/\/koenigseggwald.de\/index.php\/wp-json\/wp\/v2\/posts\/4843","targetHints":{"allow":["GET"]}}],"collection":[{"href":"https:\/\/koenigseggwald.de\/index.php\/wp-json\/wp\/v2\/posts"}],"about":[{"href":"https:\/\/koenigseggwald.de\/index.php\/wp-json\/wp\/v2\/types\/post"}],"author":[{"embeddable":true,"href":"https:\/\/koenigseggwald.de\/index.php\/wp-json\/wp\/v2\/users\/6"}],"replies":[{"embeddable":true,"href":"https:\/\/koenigseggwald.de\/index.php\/wp-json\/wp\/v2\/comments?post=4843"}],"version-history":[{"count":4,"href":"https:\/\/koenigseggwald.de\/index.php\/wp-json\/wp\/v2\/posts\/4843\/revisions"}],"predecessor-version":[{"id":4850,"href":"https:\/\/koenigseggwald.de\/index.php\/wp-json\/wp\/v2\/posts\/4843\/revisions\/4850"}],"wp:featuredmedia":[{"embeddable":true,"href":"https:\/\/koenigseggwald.de\/index.php\/wp-json\/wp\/v2\/media\/1792"}],"wp:attachment":[{"href":"https:\/\/koenigseggwald.de\/index.php\/wp-json\/wp\/v2\/media?parent=4843"}],"wp:term":[{"taxonomy":"category","embeddable":true,"href":"https:\/\/koenigseggwald.de\/index.php\/wp-json\/wp\/v2\/categories?post=4843"},{"taxonomy":"post_tag","embeddable":true,"href":"https:\/\/koenigseggwald.de\/index.php\/wp-json\/wp\/v2\/tags?post=4843"}],"curies":[{"name":"wp","href":"https:\/\/api.w.org\/{rel}","templated":true}]}}