{"id":4440,"date":"2023-04-26T10:10:39","date_gmt":"2023-04-26T08:10:39","guid":{"rendered":"https:\/\/koenigseggwald.de\/?p=4440"},"modified":"2023-04-26T11:25:18","modified_gmt":"2023-04-26T09:25:18","slug":"verbandsanzeiger-25-04-2023","status":"publish","type":"post","link":"https:\/\/koenigseggwald.de\/index.php\/verbandsanzeiger-25-04-2023\/","title":{"rendered":"Verbandsanzeiger 25.04.2023"},"content":{"rendered":"<p>[vc_row css=&#8220;.vc_custom_1531391917905{background-color: #ededed !important;}&#8220;][vc_column][vc_custom_heading text=&#8220;K\u00f6nigseggwalder Verbandsanzeiger&#8220; font_container=&#8220;tag:h2|text_align:center&#8220; google_fonts=&#8220;font_family:Roboto%3A100%2C100italic%2C300%2C300italic%2Cregular%2Citalic%2C500%2C500italic%2C700%2C700italic%2C900%2C900italic|font_style:400%20regular%3A400%3Anormal&#8220;][\/vc_column][\/vc_row][vc_row css=&#8220;.vc_custom_1531392462926{margin-top: -30px !important;background-color: #ededed !important;}&#8220;][vc_column width=&#8220;1\/3&#8243;][\/vc_column][vc_column width=&#8220;1\/3&#8243;][vc_custom_heading text=&#8220;25.04.2023&#8243; font_container=&#8220;tag:h4|font_size:14|text_align:center&#8220; google_fonts=&#8220;font_family:Roboto%3A100%2C100italic%2C300%2C300italic%2Cregular%2Citalic%2C500%2C500italic%2C700%2C700italic%2C900%2C900italic|font_style:400%20regular%3A400%3Anormal&#8220;][\/vc_column][vc_column width=&#8220;1\/3&#8243;][\/vc_column][\/vc_row][vc_row css=&#8220;.vc_custom_1531392125335{padding-right: 20px !important;padding-left: 20px !important;background-color: rgba(0,0,0,0.06) !important;*background-color: rgb(0,0,0) !important;border-radius: 3px !important;}&#8220;][vc_column css=&#8220;.vc_custom_1643727178395{border-radius: 3px !important;}&#8220;][vc_column_text]<\/p>\n<h3><strong>Aus der Gemeinderatssitzung vom 18.04.2023<\/strong><\/h3>\n<p><strong>1. Haushaltsplan und Haushaltssatzung<\/strong><br \/>\nBeratung und Beschluss<br \/>\nFrau Kloos vom Gemeindeverwaltungsverband Altshausen stellt den Haushaltsplan und die Haushaltssatzung 2023 vor.<br \/>\nDie vom Gemeindeverwaltungsverband und B\u00fcrgermeister entworfene Haushaltssatzung mit Haushaltsplan stand zur Beratung. Frau Kloos gab einen Gesamt\u00fcberblick \u00fcber die Finanzsituation der Gemeinde und erl\u00e4uterte anhand des Haushaltsplanes einzelne Planans\u00e4tze.<br \/>\nIm Ergebnishaushalt werden Ertr\u00e4ge von 1.883.972,00 \u20ac erwirtschaftet. Aufwendungen fallen in H\u00f6he von 1.781.800,00 \u20ac an.<br \/>\nSomit verbleibt ein ordentliches Ergebnis von 102.172,00 \u20ac<br \/>\nIm Finanzhaushalt werden 1.657.450,00 \u20ac investiert.<\/p>\n<p><strong>Folgende wesentlichen Ausgaben und eingeplante Investitionen\/Vorhaben der Gemeinde sind vorgesehen:<\/strong><\/p>\n<table width=\"624\">\n<tbody>\n<tr>\n<td width=\"491\">2023, 2024<\/td>\n<td width=\"133\"><\/td>\n<\/tr>\n<tr>\n<td width=\"491\">Neubau Feuerwehrhaus<\/td>\n<td width=\"133\">1.030.000,00 \u20ac<\/td>\n<\/tr>\n<tr>\n<td width=\"491\">E-Ladeinfrastruktur<\/td>\n<td width=\"133\">\u00a0\u00a0\u00a0\u00a0\u00a0\u00a0 8.000,00 \u20ac<\/td>\n<\/tr>\n<tr>\n<td width=\"491\">Baugebiet Ozetweiher<\/td>\n<td width=\"133\">\u00a0\u00a0 500.360,00 \u20ac<\/td>\n<\/tr>\n<tr>\n<td width=\"491\">Gewerbegebiet Ho\u00dfkircher Stra\u00dfe<\/td>\n<td width=\"133\">\u00a0\u00a0\u00a0216.000,00 \u20ac<\/td>\n<\/tr>\n<tr>\n<td width=\"491\">Nahw\u00e4rme Netzausbau<\/td>\n<td width=\"133\">\u00a0\u00a0\u00a0\u00a0 50.000,00 \u20ac<\/td>\n<\/tr>\n<tr>\n<td width=\"491\">Breitbandausbau<\/td>\n<td width=\"133\">\u00a0 \u00a0175.000,00 \u20ac<\/td>\n<\/tr>\n<tr>\n<td width=\"491\">Kanalisation Ho\u00dfkircher Stra\u00dfe<\/td>\n<td width=\"133\">\u00a0\u00a0 200.000,00 \u20ac<\/td>\n<\/tr>\n<\/tbody>\n<\/table>\n<p>Bei der Beratung wurde weiterhin besonders darauf hingewiesen:<\/p>\n<ul>\n<li>die Grundsteuereinnahmen<\/li>\n<li>die Gewerbesteuer<\/li>\n<li>der Gemeindeanteil an der Einkommensteuer<\/li>\n<li>die Schl\u00fcsselzuweisungen vom Land<\/li>\n<li>die Finanzausgleichs- und Kreisumlage<\/li>\n<li>die allgemeine Umlage an den Gemeindeverwaltungsverband<\/li>\n<li>die Ausgaben f\u00fcr Kindergarten<\/li>\n<li>Anschlie\u00dfend wurde der Ergebnis- und Finanzhaushalt mit Haushaltsquerschnitt, dem Investitionsprogramm und der Investitions\u00fcbersicht erl\u00e4utert.<\/li>\n<\/ul>\n<p>Nach ausf\u00fchrlicher Diskussion beschloss der Gemeinderat einstimmig Haushaltsplan und Haushaltssatzung 2023.<br \/>\n<strong>2. Sitzungsdienst<\/strong><br \/>\n&#8211; Elektronische Rats- und B\u00fcrgerinfo<br \/>\n&#8211; Einstieg in den papierlosen Sitzungsdienst<br \/>\nDer Vorsitzende informiert den Gemeinderat, dass im GVV Altshausen der Sitzungsdienst auf papierlose Form umgestellt wird. Dieser Umstellung k\u00f6nnen sich die Mitgliedsgemeinden des GVV anschlie\u00dfen. Voraussetzung hierf\u00fcr ist, dass jedes Gemeinderatsmitglied einen Laptop oder ein Tablet besitzt und dass im Sitzungssaal k\u00fcnftig ein Wlan angeboten wird.<br \/>\nNach ausgiebiger Diskussion beschloss der Gemeinderat einstimmig, dass die Gemeinde K\u00f6nigseggwald dieses neue Modell ebenfalls im Sitzungsdienst einf\u00fchren wird.<br \/>\nJeder Gemeinderat soll selbst einen Laptop oder ein Tablet beschaffen, hierf\u00fcr wird f\u00fcr jede Legislaturperiode ein Betrag von 400,00 \u20ac zur Verf\u00fcgung gestellt. Ebenso k\u00f6nnen B\u00fcrgerinnen und B\u00fcrger die \u00f6ffentlichen Informationen des Sitzungsdienstes digital abrufen. Weiterhin wird es notwendig, dass die Satzung f\u00fcr ehrenamtliche Entsch\u00e4digung angepasst wird.<br \/>\n<strong>3. \u00c4nderungssatzung der Satzung \u00fcber Entsch\u00e4digung f\u00fcr ehrenamtliche T\u00e4tigkeit<\/strong><br \/>\nDer Gemeinderat der Gemeinde K\u00f6nigseggwald hat aufgrund von \u00a7 4 in Verbindung mit \u00a7 19 der Gemeindeordnung f\u00fcr Baden-W\u00fcrttemberg am 18.04.2023 folgende \u00c4nderungssatzung beschlossen:<br \/>\nArtikel 1: \u00c4nderung der Satzung \u00fcber die Entsch\u00e4digung f\u00fcr ehrenamtliche T\u00e4tigkeit. Die Satzung \u00fcber die Entsch\u00e4digung f\u00fcr ehrenamtliche T\u00e4tigkeit der Gemeinde K\u00f6nigseggwald vom 14.01.2002 wird wie folgt ge\u00e4ndert:<br \/>\n1. In \u00a7 1 Aufwandsentsch\u00e4digung wird folgender Absatz eingef\u00fcgt:<br \/>\n\u201eF\u00fcr die durch die Umstellung auf den papierlosen Sitzungsdienst entstandenen Aufwendungen erh\u00e4lt jedes Mitglied des Gemeinderats eine einmalige Entsch\u00e4digung in H\u00f6he von 400,00 \u20ac pro Amtsperiode.\u201c<br \/>\nArtikel 2: Inkrafttreten: Diese \u00c4nderungssatzung tritt am Tag nach Ihrer Bekanntgabe in Kraft.<\/p>\n<p><strong>K\u00f6nigseggwald, den 18.04.2023<\/strong><\/p>\n<p>Der Gemeinderat stimmt dieser \u00c4nderungssatzung einstimmig zu.<\/p>\n<p>Die Gemeinde K\u00f6nigseggwald wird in naher Zukunft s\u00e4mtliche Haushalte mit Glasfasernetz versorgen.<\/p>\n<hr style=\"margin-top: 30px; margin-bottom: 30px;\" \/>\n<h3><strong>Wahl der Sch\u00f6ffen und Jugendsch\u00f6ffen f\u00fcr die Jahre 2024-2028 f\u00fcr den Landgerichtsbezirk Ravensburg<\/strong><\/h3>\n<p>Gemeinsame Verwaltungsvorschrift des Justizministeriums, des Innenministeriums und des Sozialministeriums \u00fcber die Vorbereitung und die Durchf\u00fchrung der Wahl der Sch\u00f6ffen und Jugendsch\u00f6ffen f\u00fcr die Gesch\u00e4ftsjahre 2024 bis 2028 VwV d. JuM (3222-6\/2) vom 08. Dezember 2022.<\/p>\n<p>F\u00fcr die obengenannte Wahl kann f\u00fcr die Gemeinde K\u00f6nigseggwald eine Person benannt werden. Interessierte k\u00f6nnen sich im Rathaus bis Donnerstag, den 11.05.2023 melden.<\/p>\n<hr style=\"margin-top: 30px; margin-bottom: 30px;\" \/>\n<h3><strong>Freiwillige Feuerwehr K\u00f6nigseggwald<\/strong><\/h3>\n<p>Am Freitag, den 05.05.23 um 20:00 Uhr findet die Jahreshauptversammlung der Feuerwehr K\u00f6nigseggwald im goldenen L\u00f6wen statt.<br \/>\nFolgende Tagesordnungspunkte stehen auf dem Programm:<\/p>\n<ol>\n<li>Begr\u00fc\u00dfung<\/li>\n<li>Totenehrung<\/li>\n<li>Bericht des Kommandanten<\/li>\n<li>Bericht des Jugendwarts<\/li>\n<li>Bericht des Kassierers<\/li>\n<li>Bericht der Kassenpr\u00fcfer<\/li>\n<li>Entlastung der Vorstandschaft<\/li>\n<li>W\u00fcnsche und Antr\u00e4ge<\/li>\n<li>Sonstiges<\/li>\n<\/ol>\n<p>W\u00fcnsche und Antr\u00e4ge sind schriftlich beim Kommandanten bis 04.05.23 einzureichen.<\/p>\n<p>Es sind alle B\u00fcrger:innen, Gemeinder\u00e4te und Vertreter der \u00f6rtlichen Vereine recht herzlich eingeladen.<\/p>\n<hr style=\"margin-top: 30px; margin-bottom: 30px;\" \/>\n<h3><strong>Die besten Gl\u00fcck- und Segensw\u00fcnsche<\/strong><\/h3>\n<p>Wir gratulieren Frau Maria Scheffler recht herzlich zum 71. Geburtstag am 25.04.2023. Wir w\u00fcnschen Frau Maria Scheffler f\u00fcr die Zukunft alles erdenklich Gute, vor allem Gesundheit.<\/p>\n<hr style=\"margin-top: 30px; margin-bottom: 30px;\" \/>\n<h3><strong>Vereinsnachrichten<\/strong><\/h3>\n<p><strong>Narrenverein &#8222;Schwarz Vere&#8220; K\u00f6nigseggwald<\/strong><br \/>\n<strong>Aufstellen des Maibaumes<\/strong><br \/>\nAm Sonntag, 30.04.2023 stellen wir um 19:00 Uhr unseren Maibaum beim Vereinsheim.<br \/>\nHierzu laden wir die gesamte Bev\u00f6lkerung recht herzlich ein.<br \/>\n<strong>Narrenh\u00e4s 2024<\/strong><br \/>\nAuch wenn die n\u00e4chste Fasnet noch weit weg erscheint hat unser N\u00e4hteam bereits wieder mit den Vorbereitungen begonnen.<br \/>\nWer noch ein H\u00e4s bzw. H\u00e4steile ben\u00f6tigt meldet sich bitte umgehend bei Britta Gittinger, <a href=\"tel:+497587922242\">Tel. 07587 922242<\/a>).[\/vc_column_text][\/vc_column][\/vc_row][vc_row disable_element=&#8220;yes&#8220;][vc_column width=&#8220;1\/2&#8243;][vc_single_image image=&#8220;3739&#8243; img_size=&#8220;medium&#8220;][\/vc_column][vc_column width=&#8220;1\/2&#8243;][vc_single_image image=&#8220;3743&#8243; img_size=&#8220;medium&#8220;][\/vc_column][\/vc_row][vc_row disable_element=&#8220;yes&#8220;][vc_column][vc_column_text]<\/p>\n<p>&nbsp;<\/p>\n<h3><\/h3>\n<h3><strong>Kath. Kindergarten St. Georg <\/strong><\/h3>\n<p>Seit dem 22. Februar 2021 arbeiten wir im \u201eRegelbetrieb unter Pandemiebedingungen\u201c. Seit diesem Tag d\u00fcrfen wieder alle Kinder zu ihren gewohnten Zeiten zu uns in den Kindergarten kommen. Die bereits seit langem geltenden Hygienema\u00dfnahmen werden konsequent umgesetzt. F\u00fcr die Kinder ist vieles zur Routine geworden: Das vermehrte H\u00e4nde waschen, vor allem beim Betreten und Verlassen des Kindergartens. Sich an der Eingangst\u00fcre von Mama oder Papa zu verabschieden weil Eltern nicht in den Kindergarten kommen d\u00fcrfen, dass sie ihr Essen nicht teilen d\u00fcrfen und sich nicht selbst Essen sch\u00f6pfen d\u00fcrfen und vieles mehr. Dass wir Erzieherinnen im Kindergarten bei Begegnungen untereinander eine Mundschutzmaske tragen, ist f\u00fcr die Kinder inzwischen ein gewohntes Bild. Erfreulicherweise hatten wir bis heute keine Corona positiven Kinder zu vermelden \u2013 wir hoffen, dass dies auch nicht eintreten wird. Sollte dies der Fall werden, liegt ein exakter Handlungsplan vor, nach welchem wir als Kindergarten handeln m\u00fcssen.<\/p>\n<p>Seit der ersten M\u00e4rzwoche kommt einmal pro Woche ein geschulter Mitarbeiter der Hodrus`schen Apotheke zu uns in den Pfarrsaal, und nimmt einen Schnelltest von uns p\u00e4dagogischen Mitarbeiterinnen.<\/p>\n<p>In der t\u00e4glichen Arbeit mit den Kindern ist die religi\u00f6se Erziehung mit der Vorbereitung auf Ostern und Palmsonntag unser Schwerpunkt. Alles rund um Osterhasen, H\u00fchnern, Eiern ist f\u00fcr die Kinder spannend und lassen sich daf\u00fcr begeistern. Aber auch Bilder und Geschichten zu Jesu Einzug in Jerusalem faszinieren die Kinder sehr.<\/p>\n<p>N\u00e4here Informationen zum Palmsonntag k\u00f6nnen Sie nachfolgend lesen.<\/p>\n<p>Ihr Erzieherinnenteam <strong>Kath. Kindergarten St. Georg <\/strong>Seestra\u00dfe 2, 88376 K\u00f6nigseggwald Tel.: 07587\/535 email: kindergarten-st.georg@gmx.de<\/p>\n<p>&nbsp;<\/p>\n<p><strong>Von einer neuen Wegstrecke<\/strong><\/p>\n<p><em>Du unbekannter Weg, deinetwegen lasse ich Vergangenes zur\u00fcck. Doch manches was mir kostbar ist, nehme ich mit, es redet zu mir und st\u00e4rkt mich. Menschen, die ich mag, bleiben zur\u00fcck, aber ihre guten W\u00fcnsche gehen mit mir.<\/em><\/p>\n<p><em>Du unbekannter Weg, ich komme. Was werde ich auf Dir finden?<\/em><\/p>\n<p><em>Einmal, in Jahren, werde ich auf diese Wegstrecke zur\u00fcckschauen. Ich w\u00fcnsche mir, dass ich dann sagen kann: Genau das war mein Weg!<\/em><\/p>\n<p>Wolfgang Longardt<\/p>\n<p><strong>\u00a0<\/strong><\/p>\n<p>Meine T\u00e4tigkeit als Kindergartenleitung hier im kath. Kindergarten St. Georg geht zum 31.M\u00e4rz 2021 zu Ende. Ab 01. April beginne ich als p\u00e4dagogische Mitarbeiterin im Montessori Kindergarten in Wilhelmsdorf. Ich denke mit vielen Erinnerungen an meine Arbeit hier in K\u00f6nigseggwald zur\u00fcck, doch mit gro\u00dfer Vorfreude denke ich an meine neue Aufgabe. Ich freue mich sehr, mich \u00fcberwiegend der Arbeit mit den Kindern widmen zu d\u00fcrfen und den vielf\u00e4ltigen und anspruchsvollen Aufgaben einer Kindergartenleitung den R\u00fccken zu kehren, In der Arbeit mit den Kindern sehe ich meine zuk\u00fcnftige Aufgabe, und auf diesen Wechsel freue ich mich sehr.<\/p>\n<p>Am 1. September 2007 fing ich hier als Teilzeitkraft an, und am 01. September 2009 \u00fcbernahm ich die Leitung. An dieser Stelle sage ich ein ganz herzliches \u201eVergelt`s Gott\u201c an alle, welche mich und \u201emeinen\u201c Kindergarten in diesen ganzen Jahren in irgendeiner Form unterst\u00fctzten, mit mir kompetent und zielorientiert kooperierten, und mir ihr Vertrauen geschenkt haben.<\/p>\n<p>Ich w\u00fcnsche meinem Team, dem Tr\u00e4ger, Herrn B\u00fcrgermeister Fuchs und unserer KBV Frau Weber vom Verwaltungszentrum weiterhin ein vertrauensvolles, kompetentes Miteinander.<\/p>\n<p>Ihnen allen w\u00fcnsche ich f\u00fcr die Zukunft alles Gute, viel Gesundheit und vor allem viel Optimismus und Durchhalteverm\u00f6gen in dieser Zeit der Pandemie.<\/p>\n<p>Sabine Kemmer<\/p>\n<p><strong>\u00a0<\/strong><\/p>\n<h3><strong>Palmenverkauf<\/strong><\/h3>\n<p>Am Palmsonntag verkaufen wir, die Eltern der St. Georg Kindergartenkinder, vor der Kirche wieder kleine handgefertigte Palmen f\u00fcr 2,50\u20ac.<\/p>\n<p>Wer m\u00f6chte, kann die Palmen auch gerne ab Samstag, den 27.03.2021 im Treffpunkt Manz oder in Rimmele`s Hofladen kaufen.<\/p>\n<p>Wir werden jeweils ein K\u00e4sschen aufstellen, daher bitten wir Sie, den Betrag passend mitzubringen.<\/p>\n<p>Da die Kinder flei\u00dfig mithelfen, geht nat\u00fcrlich der gesamte Gewinn an den St. Georg Kindergarten.<\/p>\n<p>Der Elternbeirat<\/p>\n<p>Hosianna!<\/p>\n<p>Gelobt sei, der da kommt in dem Namen des Herrn,<\/p>\n<p>der K\u00f6nig von Israel!<\/p>\n<p><img loading=\"lazy\" decoding=\"async\" class=\"size-full wp-image-3749 alignnone\" src=\"https:\/\/homepage-qkr4bkkudr.live-website.com\/wp-content\/uploads\/2021\/03\/palmesel.jpg.png\" alt=\"\" width=\"368\" height=\"380\" srcset=\"https:\/\/koenigseggwald.de\/wp-content\/uploads\/2021\/03\/palmesel.jpg.png 368w, https:\/\/koenigseggwald.de\/wp-content\/uploads\/2021\/03\/palmesel.jpg-291x300.png 291w, https:\/\/koenigseggwald.de\/wp-content\/uploads\/2021\/03\/palmesel.jpg-141x146.png 141w, https:\/\/koenigseggwald.de\/wp-content\/uploads\/2021\/03\/palmesel.jpg-48x50.png 48w, https:\/\/koenigseggwald.de\/wp-content\/uploads\/2021\/03\/palmesel.jpg-73x75.png 73w\" sizes=\"auto, (max-width:767px) 368px, 368px\" \/><\/p>\n<p>Hosianna!<\/p>\n<p>Gelobt sei, der da kommt in dem Namen des Herrn,<\/p>\n<p>der K\u00f6nig von Israel! Joh 12, 12<\/p>\n<p><strong>\u00a0<\/strong><\/p>\n<p><strong>\u00a0<\/strong><\/p>\n<h3><strong>Kindergarten St. Georg<\/strong><\/h3>\n<p><strong>Verabschiedung Frau Kemmer<\/strong><\/p>\n<p>&nbsp;<\/p>\n<p>Im Kindergarten St. Georg gibt es Ver\u00e4nderungen. BM Fuchs und Frau Geser verabschiedeten im Rahmen einer Teamsitzung Kindergartenleitung Frau Kemmer.<\/p>\n<p>Wir m\u00f6chten an dieser Stelle die Gelegenheit nutzen, Frau Kemmer f\u00fcr die Zeit im Kindergarten St. Georg ein herzliches Dankesch\u00f6n auszusprechen. Sie hat unseren Kindergarten \u00fcber 11 Jahre mit viel Engagement, Kreativit\u00e4t und viel Freude geleitet. Danke sagen m\u00f6chten wir auch f\u00fcr die gute Zusammenarbeit zwischen der Kirchengemeinde und dem Kindergarten, immer in guter Kooperation mit der b\u00fcrgerlichen Gemeinde, die Begleitung der Kinder in K\u00f6nigseggwald und das gute Miteinander mit den Eltern.<\/p>\n<p>Wir w\u00fcnschen Frau Kemmer f\u00fcr die Zukunft alles Gute und viel Freude in Ihrer\u00a0 neuen Arbeitsstelle und dass Sie unseren Kindergarten\u00a0 doch ein bisschen im Herzen beh\u00e4lt.<\/p>\n<p>F\u00fcr die Kirchengemeinde<\/p>\n<p>Martina Geser, gew\u00e4hlte Vorsitzende<\/p>\n<p><img loading=\"lazy\" decoding=\"async\" class=\"size-medium wp-image-3747 alignnone\" src=\"https:\/\/homepage-qkr4bkkudr.live-website.com\/wp-content\/uploads\/2021\/03\/image0-300x225.jpeg\" alt=\"\" width=\"300\" height=\"225\" srcset=\"https:\/\/koenigseggwald.de\/wp-content\/uploads\/2021\/03\/image0-300x225.jpeg 300w, https:\/\/koenigseggwald.de\/wp-content\/uploads\/2021\/03\/image0-768x576.jpeg 768w, https:\/\/koenigseggwald.de\/wp-content\/uploads\/2021\/03\/image0-195x146.jpeg 195w, https:\/\/koenigseggwald.de\/wp-content\/uploads\/2021\/03\/image0-50x38.jpeg 50w, https:\/\/koenigseggwald.de\/wp-content\/uploads\/2021\/03\/image0-100x75.jpeg 100w, https:\/\/koenigseggwald.de\/wp-content\/uploads\/2021\/03\/image0-960x720.jpeg 960w, https:\/\/koenigseggwald.de\/wp-content\/uploads\/2021\/03\/image0.jpeg 1024w\" sizes=\"auto, (max-width:767px) 300px, 300px\" \/><\/p>\n<h3><\/h3>\n<h3><strong>Osterkerzenverkauf der Ministranten K\u00f6nigseggwald<\/strong><\/h3>\n<p>Liebe Gemeindemitglieder,<\/p>\n<p>wie jedes Jahr verkaufen die Ministranten traditionell die selbst hergestellten Osterkerzen. Unter Pandemiebedienungen ist alles anders.<\/p>\n<p>Sie haben die M\u00f6glichkeit die gesegneten Osterkerzen von Pfarrer Jeeson ab sofort im Treffpunkt Manz in K\u00f6nigseggwald f\u00fcr 3\u20ac zu erwerben. Der Erl\u00f6s kommt den Ministranten in K\u00f6nigseggwald zu Gute. Gerne bringen wir Ihnen auch eine Kerze nach Hause. Melden Sie sich dazu bitte bei Fam. Geser Tel: 07587-950732<\/p>\n<p>Wir w\u00fcnschen Ihnen eine gesegnete Osterzeit und bleiben Sie gesund.<\/p>\n<p>Ihre Ministranten aus K\u00f6nigseggwald<\/p>\n<p>&nbsp;<\/p>\n<h3><strong><u>Vereinsnachrichten:<\/u><\/strong><\/h3>\n<p><strong>Fanfarenzug K\u00f6nigseggwald<\/strong><\/p>\n<p><strong><u>Der Weg ist das Ziel!<\/u><\/strong><\/p>\n<ol start=\"40\">\n<li><strong><u> \u201einoffizieller\u201c K\u00f6nigseggwalder Osterlauf am<br \/>\n03. April 2021<\/u><\/strong><\/li>\n<\/ol>\n<p>Leider kann der Osterlauf K\u00f6nigseggwald dieses Jahr wieder nicht stattfinden. Jedoch lassen es sich ein paar K\u00f6nigseggwalder L\u00e4ufer sich diese Tradition nicht nehmen und laufen auf eigene Faust.<\/p>\n<p>Wir laden alle laufbegeisterten mit dazu ein diese Tradition am Leben zu erhalten. Jeder der mitmachen will, startet selbst\u00e4ndig wie gewohnt im Kapellenweg egal zu welcher Uhrzeit, stoppt selbst seine Zeit und teilt je nach belieben seinen Erfolg in der WhatsApp Gruppe <strong>\u201eCorona Osterlauf 2021\u201c<\/strong> unter dem Link<\/p>\n<p><a href=\"https:\/\/chat.whatsapp.com\/EcCEy8uhEO63usH4pRXq3V\">https:\/\/chat.whatsapp.com\/EcCEy8uhEO63usH4pRXq3V<\/a><\/p>\n<p>Bitte haltet beim laufen die geltenden Corona Regeln ein, und sammelt euch bitte nicht am Start\/Ziel und bildet bitte keine Gruppen. Der Weg ist nicht Ausgeschildert und es gibt keine Streckenposten f\u00fcr Verpflegung.<\/p>\n<p>Die L\u00e4ufer starten auf eigene Gefahr und wir w\u00fcnschen allen viel Erfolg, und hoffen Euch, n\u00e4chstes Jahr bei einem gemeinsamen Start wieder zu sehen.<\/p>\n<p>[\/vc_column_text][\/vc_column][\/vc_row][vc_row full_width=&#8220;stretch_row&#8220; content_placement=&#8220;middle&#8220; css=&#8220;.vc_custom_1531395182556{margin-bottom: 80px !important;background-color: rgba(30,115,190,0.14) !important;*background-color: rgb(30,115,190) !important;}&#8220;][vc_column][vc_column_text]<\/p>\n<p style=\"text-align: center;\">Das gesamten Verbandsanzeiger und das\u00a0Katholische Kirchenblatt k\u00f6nnen Sie direkt bei der Druckerei Restle bestellen:<\/p>\n<p style=\"text-align: center;\"><strong>Druck und Verlag &#8211; Fa. Restle GmbH<\/strong><br \/>\nHindenburgstr. 40-42,<br \/>\n88361 Altshausen<br \/>\nTelefon : 07584 \/ 3507 &#8211; Fax : 07584 \/ 2745<\/p>\n<p style=\"text-align: center;\"><strong><a href=\"mailto:restle-druck@t-online.de\">restle-druck@t-online.de<\/a><\/strong><\/p>\n<p>[\/vc_column_text][\/vc_column][\/vc_row]<\/p>\n","protected":false},"excerpt":{"rendered":"<p>[vc_row css=&#8220;.vc_custom_1531391917905{background-color: #ededed !important;}&#8220;][vc_column][vc_custom_heading text=&#8220;K\u00f6nigseggwalder Verbandsanzeiger&#8220; font_container=&#8220;tag:h2|text_align:center&#8220; google_fonts=&#8220;font_family:Roboto%3A100%2C100italic%2C300%2C300italic%2Cregular%2Citalic%2C500%2C500italic%2C700%2C700italic%2C900%2C900italic|font_style:400%20regular%3A400%3Anormal&#8220;][\/vc_column][\/vc_row][vc_row css=&#8220;.vc_custom_1531392462926{margin-top: -30px !important;background-color: #ededed !important;}&#8220;][vc_column width=&#8220;1\/3&#8243;][\/vc_column][vc_column width=&#8220;1\/3&#8243;][vc_custom_heading<span class=\"excerpt-hellip\"> [\u2026]<\/span><\/p>\n","protected":false},"author":6,"featured_media":1792,"comment_status":"closed","ping_status":"closed","sticky":false,"template":"","format":"standard","meta":{"footnotes":""},"categories":[11],"tags":[],"class_list":["post-4440","post","type-post","status-publish","format-standard","has-post-thumbnail","hentry","category-verbandsanzeiger"],"_links":{"self":[{"href":"https:\/\/koenigseggwald.de\/index.php\/wp-json\/wp\/v2\/posts\/4440","targetHints":{"allow":["GET"]}}],"collection":[{"href":"https:\/\/koenigseggwald.de\/index.php\/wp-json\/wp\/v2\/posts"}],"about":[{"href":"https:\/\/koenigseggwald.de\/index.php\/wp-json\/wp\/v2\/types\/post"}],"author":[{"embeddable":true,"href":"https:\/\/koenigseggwald.de\/index.php\/wp-json\/wp\/v2\/users\/6"}],"replies":[{"embeddable":true,"href":"https:\/\/koenigseggwald.de\/index.php\/wp-json\/wp\/v2\/comments?post=4440"}],"version-history":[{"count":3,"href":"https:\/\/koenigseggwald.de\/index.php\/wp-json\/wp\/v2\/posts\/4440\/revisions"}],"predecessor-version":[{"id":4443,"href":"https:\/\/koenigseggwald.de\/index.php\/wp-json\/wp\/v2\/posts\/4440\/revisions\/4443"}],"wp:featuredmedia":[{"embeddable":true,"href":"https:\/\/koenigseggwald.de\/index.php\/wp-json\/wp\/v2\/media\/1792"}],"wp:attachment":[{"href":"https:\/\/koenigseggwald.de\/index.php\/wp-json\/wp\/v2\/media?parent=4440"}],"wp:term":[{"taxonomy":"category","embeddable":true,"href":"https:\/\/koenigseggwald.de\/index.php\/wp-json\/wp\/v2\/categories?post=4440"},{"taxonomy":"post_tag","embeddable":true,"href":"https:\/\/koenigseggwald.de\/index.php\/wp-json\/wp\/v2\/tags?post=4440"}],"curies":[{"name":"wp","href":"https:\/\/api.w.org\/{rel}","templated":true}]}}