{"id":2646,"date":"2019-06-04T14:30:57","date_gmt":"2019-06-04T12:30:57","guid":{"rendered":"https:\/\/homepage-qkr4bkkudr.live-website.com\/?p=2646"},"modified":"2019-06-04T14:30:57","modified_gmt":"2019-06-04T12:30:57","slug":"verbandsanzeiger-07-06-2019","status":"publish","type":"post","link":"https:\/\/koenigseggwald.de\/index.php\/verbandsanzeiger-07-06-2019\/","title":{"rendered":"Verbandsanzeiger 07.06.2019"},"content":{"rendered":"<p>[vc_row css=&#8220;.vc_custom_1531391917905{background-color: #ededed !important;}&#8220;][vc_column][vc_custom_heading text=&#8220;K\u00f6nigseggwalder Verbandsanzeiger&#8220; font_container=&#8220;tag:h2|text_align:center&#8220; google_fonts=&#8220;font_family:Roboto%3A100%2C100italic%2C300%2C300italic%2Cregular%2Citalic%2C500%2C500italic%2C700%2C700italic%2C900%2C900italic|font_style:400%20regular%3A400%3Anormal&#8220;][\/vc_column][\/vc_row][vc_row css=&#8220;.vc_custom_1531392462926{margin-top: -30px !important;background-color: #ededed !important;}&#8220;][vc_column width=&#8220;1\/3&#8243;][\/vc_column][vc_column width=&#8220;1\/3&#8243;][vc_custom_heading text=&#8220;07.06.2019&#8243; font_container=&#8220;tag:h4|font_size:14|text_align:center&#8220; google_fonts=&#8220;font_family:Roboto%3A100%2C100italic%2C300%2C300italic%2Cregular%2Citalic%2C500%2C500italic%2C700%2C700italic%2C900%2C900italic|font_style:400%20regular%3A400%3Anormal&#8220;][\/vc_column][vc_column width=&#8220;1\/3&#8243;][\/vc_column][\/vc_row][vc_row css=&#8220;.vc_custom_1531392125335{padding-right: 20px !important;padding-left: 20px !important;background-color: rgba(0,0,0,0.06) !important;*background-color: rgb(0,0,0) !important;border-radius: 3px !important;}&#8220;][vc_column css=&#8220;.vc_custom_1531389413497{border-radius: 3px !important;}&#8220;][vc_column_text]<\/p>\n<h3><strong>Aus der Gemeinderatssitzung vom 23.05.2019<\/strong><\/h3>\n<h4><strong>Blutspenderehrung<\/strong><\/h4>\n<p>Im Vorfeld dieser Ehrung wurde vom Vorsitzenden die Wichtigkeit dieses selbst-<\/p>\n<p>losen Einsatzes zum Wohle von kranken und verunfallten Menschen hervorgehoben.<\/p>\n<p>Der Vorsitzende bedankte sich im Namen der Gemeinde und des Deutschen Roten<\/p>\n<p>Kreuzes bei den Blutspendern und ehrte Herr Hubert Geser und Herr Sebastian Renn<\/p>\n<p>f\u00fcr 10 maliges und Herr Klaus Fischer f\u00fcr 25 maliges Blutspenden.<\/p>\n<p><img loading=\"lazy\" decoding=\"async\" class=\"alignnone size-medium wp-image-2647\" src=\"https:\/\/homepage-qkr4bkkudr.live-website.com\/wp-content\/uploads\/2019\/06\/Blutspender-300x225.jpg\" alt=\"\" width=\"300\" height=\"225\" srcset=\"https:\/\/koenigseggwald.de\/wp-content\/uploads\/2019\/06\/Blutspender-300x225.jpg 300w, https:\/\/koenigseggwald.de\/wp-content\/uploads\/2019\/06\/Blutspender-768x576.jpg 768w, https:\/\/koenigseggwald.de\/wp-content\/uploads\/2019\/06\/Blutspender.jpg 1024w, https:\/\/koenigseggwald.de\/wp-content\/uploads\/2019\/06\/Blutspender-195x146.jpg 195w, https:\/\/koenigseggwald.de\/wp-content\/uploads\/2019\/06\/Blutspender-50x38.jpg 50w, https:\/\/koenigseggwald.de\/wp-content\/uploads\/2019\/06\/Blutspender-100x75.jpg 100w, https:\/\/koenigseggwald.de\/wp-content\/uploads\/2019\/06\/Blutspender-960x720.jpg 960w\" sizes=\"auto, (max-width:767px) 300px, 300px\" \/><\/p>\n<h3><strong>Bebauungsplan Gewerbegebiet Ho\u00dfkircher Stra\u00dfe<\/strong><\/h3>\n<h5><strong>&#8211;\u00a0\u00a0\u00a0\u00a0\u00a0\u00a0 Aufstellungsbeschluss<\/strong><\/h5>\n<p>Die Gemeinde beabsichtigt f\u00fcr die Flurst\u00fccke 260 und 261 einen Bebauungsplan f\u00fcr ein\u00a0 Gewerbegebiet zu erstellen. Der B\u00fcrgermeister informierte den Gemeinderat, dass ein teil der genannten Flurst\u00fccke bereits im Fl\u00e4chennutzungsplan ausgewiesen ist. Die Restfl\u00e4che ist landwirtschaftliche Nutzfl\u00e4che. Die Verwaltung schl\u00e4gt vor, in einem Parallelverfahren den Fl\u00e4chennutzunsplan in Bezug aufs gesamte Flurst\u00fcck zu \u00e4ndern und zeitgleich ein Bebauungsplanverfahren einzuleiten. Nach ausf\u00fchrlicher Diskussion fasste der Gemeinderat folgenden Beschluss:<\/p>\n<p>die \u00c4nderung des Fl\u00e4chennutzungsplanes soll beantragt werden und die Aufstellung des Bebauungsplanes soll eingeleitet werden.<\/p>\n<p>Die Verwaltung wird erm\u00e4chtigt ein Ingenieurb\u00fcro mit der Planung zu beauftragen.<\/p>\n<p>&nbsp;<\/p>\n<h3><strong>Kindergarten K\u00f6nigseggwald<\/strong><\/h3>\n<h5><strong>&#8211;\u00a0\u00a0\u00a0\u00a0\u00a0\u00a0 Information \u00fcber bestehende Situation<\/strong><\/h5>\n<h5><strong>&#8211;\u00a0\u00a0\u00a0\u00a0\u00a0\u00a0 Beschluss \u00fcber weitere Vorgehensweise\u00a0<\/strong><\/h5>\n<p>Der Vorsitzende informierte den Gemeinderat nochmals \u00fcber die Situation im Kindergarten K\u00f6nigseggwald. Laut Prognose werden im neuen Kindergartenjahr nicht ausreichend Pl\u00e4tze zur Verf\u00fcgung stehen. Mit der Fachberatung, Kindergartenleitung und den Eltern wurden verschiedene L\u00f6sungskonzepte diskutiert und er\u00f6rtert. Des weiteren wurde eine Elternumfrage durchgef\u00fchrt.\u00a0 Zur Diskussion standen vier verschiedene Alternativen:<\/p>\n<p>Regelkindergartengruppe, verl\u00e4ngerte \u00d6ffnungszeiten, Wald- und Naturkindergarten und betreute Spielgruppe. Weiterhin wurde untersucht, wie die einzelnen Konzepte umgesetzt werden k\u00f6nnen.<\/p>\n<p>Eine Umsetzung w\u00e4re, das bestehende Geb\u00e4ude dahingehend zu ver\u00e4ndern, dass es den Erfordernissen gerecht wird. Problem bei dieser L\u00f6sung ist jedoch der zu kleine Au\u00dfenbereich. Eine andere M\u00f6glichkeit w\u00e4re ein Neubau mit ausreichender Anzahl von Kindergartenpl\u00e4tzen. Allerdings stehen\u00a0 hier der Bauplatz oder der Umbau eines anderen bestehenden Geb\u00e4udes noch nicht fest. Au\u00dferdem ist mit sehr hohen Baukosten zu rechnen.<\/p>\n<p>Eine andere Variante w\u00e4re der Bau eines Wald- und Naturkindergartens, der erforderliche Platz w\u00e4re vorhanden. Mit dem Waldbesitzer k\u00f6nnte eine Einigung \u00fcber die Kindergartenwaldnutzung erzielt werden.<\/p>\n<p>Die letzte M\u00f6glichkeit ist eine betreute Spielgruppe. Bei der Umfrage hat sich die<\/p>\n<p>Mehrzahl der Eltern f\u00fcr Regelkindergarten und verl\u00e4ngerte \u00d6ffnungszeiten ausgesprochen. F\u00fcnf Familien w\u00fcnschten einen Wald-Naturkindergarten und zwei Familien w\u00fcnschten eine betreute Spielgruppe.<\/p>\n<p>Im Gemeinderat wurden die Alternativen nochmals diskutiert.<\/p>\n<p>Es war eine Tendenz zur Installation eines Wald- und Naturkindergartens erkennbar.<\/p>\n<p>Der B\u00fcrgermeister wurde beauftragt, mit den interessierten Eltern nochmals ein Gespr\u00e4ch zu f\u00fchren. Sollte dieses Gespr\u00e4ch positiv verlaufen, wird die Verwaltung beauftragt, entsprechende Ma\u00dfnahmen einzuleiten.<\/p>\n<p>&nbsp;<\/p>\n<h3><strong>Bebauungsplan\u00e4nderung Ozetweiher<\/strong><\/h3>\n<h5><strong>&#8211;\u00a0\u00a0\u00a0\u00a0\u00a0\u00a0 Beschluss des Entwurfs<\/strong><\/h5>\n<h5><strong>&#8211;\u00a0\u00a0\u00a0\u00a0\u00a0\u00a0 Beschluss der vorgezogenen B\u00fcrgerbeteiligung<\/strong><\/h5>\n<h5><strong>&#8211;\u00a0\u00a0\u00a0\u00a0\u00a0\u00a0 Beschluss der Anh\u00f6rung Tr\u00e4ger \u00f6ffentlicher Belange<\/strong><\/h5>\n<p>In diese Planung m\u00fcssen noch f\u00fcnf heimische Obstb\u00e4ume aufgenommen werden, was<\/p>\n<p>durch Architektin Sabine M\u00fcller-Schlegel ausgef\u00fchrt wurde.<\/p>\n<p>Der Vorsitzende schl\u00e4gt dem Gemeinderat vor, dem Beschluss des Entwurfs, dem\u00a0 Beschluss der vorgezogenen B\u00fcrgerbeteiligung, sowie dem Beschluss der Anh\u00f6rung\u00a0 Tr\u00e4ger \u00f6ffentlicher Belange wie vorgelegt, zuzustimmen.<\/p>\n<p>Der Gemeinderat stimmte den Beschl\u00fcssen einstimmig zu.<\/p>\n<p>&nbsp;<\/p>\n<h3><strong>Baugesuch<\/strong><\/h3>\n<h5>\u00a0Neubau Wohnhaus mit Garage auf Flst. 171\/34, Lerchenweg 17<\/h5>\n<h5>\u00a0Bauherr: Firma Kessler Group GmbH. Lerchenweg 11-15, 88376 K\u00f6nigseggwald<\/h5>\n<p>Dem Baugesuch wurde wie vorgelegt einstimmig zugestimmt.<\/p>\n<p>&nbsp;<\/p>\n<h3><strong>Verschiedenes<\/strong><\/h3>\n<h5><strong>\u00a0Annahme von Spenden<\/strong><\/h5>\n<p>Der Gemeinderat beschloss einstimmig, die gemeinn\u00fctzige Spende von 280,00 \u20ac von<\/p>\n<p>Frau Barbara Kleeberg anzunehmen und sie dem Haushalt zuzuf\u00fchren.<\/p>\n<p>&nbsp;<\/p>\n<p>&nbsp;<\/p>\n<h3><strong>Unsere St\u00f6rche<\/strong><\/h3>\n<p>Am 30. Mai wurden die K\u00f6nigseggwalder Jungst\u00f6rche von der\u00a0 Storchenbeauftragten Ute Reinhard beringt. Wir jedes Jahr war wieder die Feuerwehr Altshausen mit ihrer Drehleiter zur Stelle und brachte Frau Reinhard zum Horst. Als das Nest beinahe erreicht war fl\u00fcchtet Storchenpapa Bodi, umkreiste aber w\u00e4hrend der gesamten Aktion aufgeregt den Schornstein. Im Nest befanden sich noch zwei lebende Jungst\u00f6rche, zwei weitere waren verendet, sie hatten die nasskalten Tage vom 20. und 21. Mai nicht \u00fcberlebt. Mit gut vier Wochen waren sie schon zu gro\u00df um von den Eltern zugedeckt und gesch\u00fctzt zu werden, die beiden \u00dcberlebenden hatten sich wohl vorgedr\u00e4ngt. Urs\/Ursula und Karl\/Karla, so hei\u00dfen die jungen Adebare, brachten jeweils 3,2 kg auf die Waage, waren somit gut gen\u00e4hrt. Dann erhielten sie ihren Erkennungsring am linken Bein (in ungeraden Jahren). Das ganze Geschehen wurde aufmerksam von einigen Kindergartenkindern mit ihren Eltern beobachtet. Anschlie\u00dfend durften die Kinder im Drehleiterkorb hochfahren und einen Blick in die Kinderstube von Familie Storch werfen.<\/p>\n<p>Paul Holeczek<\/p>\n<p>&nbsp;<\/p>\n<p>&nbsp;<\/p>\n<h3><strong>Fronleichnam-Kinderteppich<\/strong><\/h3>\n<p><strong>Liebe Kinder,<\/strong><\/p>\n<p>wir m\u00f6chten auch dieses Jahr einen Fronleichnamsteppich fertigen. Dazu ben\u00f6tigen wir dringend Eure Hilfe und Kreativit\u00e4t. Wer von Euch hat Lust, uns zu unterst\u00fctzen und den Teppich mit uns gemeinsam zu gestalten? Vielleicht werdet Ihr auch im Voraus schon ein wenig f\u00fcndig und bringt Fichtenzapfen, Moos, kleine St\u00f6ckchen, Bl\u00fcten, Kiesel oder Bl\u00e4tter bereits mit. Dieses Jahr ben\u00f6tigen wir neben Margeriten, G\u00e4nsebl\u00fcmchen und Schnittlauchbl\u00fcten die Farben Blau, Gr\u00fcn und Wei\u00df und einen bunten Bl\u00fctenmix.<\/p>\n<p>Anmelden k\u00f6nnt Ihr Euch bei Gabi Ott (Tel 544) oder Christina Benz (873 94 26).<\/p>\n<p>Wir treffen uns am Mittwoch, 19. Mai, 15.30 Uhr auf dem Kirchplatz.<\/p>\n<p>Wir freuen uns auf Euch!<\/p>\n<p>Christina Benz &amp; Gabi Ott<\/p>\n<p>&nbsp;<\/p>\n<p>&nbsp;<\/p>\n<h3><strong>Naturschutzzentrum Wilhelmsdorf der Stiftung <\/strong><br \/>\n<strong>Naturschutz Pfrunger-Burgweiler Ried<\/strong><\/h3>\n<p>&nbsp;<\/p>\n<p><strong>DER VERE KOMMT \u2013 Familienf\u00fchrung im Pfrunger-Burgweiler Ried<\/strong><\/p>\n<p><strong>mit Moorf\u00fchrer Erwin Burth<\/strong><\/p>\n<p>Wilhelmsdorf\/Ostrach. Am Samstag, 15. Juni 2019 von 15 bis 17 Uhr erz\u00e4hlt der Moorf\u00fchrer des Naturschutzzentrums Wilhelmsdorf Erwin Burth spannende Geschichten vom Treiben der R\u00e4uberbande, aber auch aus dem damaligen Leben in Oberschwaben, das von Armut und gro\u00dfer Not gepr\u00e4gt war. Im Jahr 1819 wurde der oberschw\u00e4bische R\u00e4uberhauptmann Franz Xaver Hohenleiter, genannt der Schwarze Vere, am Rande des Pfrunger-Burgweiler Rieds gefangen genommen und starb im Gef\u00e4ngnis in Biberach. Anl\u00e4sslich des 100. Jahrestags dieser Ereignisse findet in der Region das Themenjahr \u201eSchwarzer Vere 2019\u201c statt. Die F\u00fchrung ist f\u00fcr Erwachsene und Kinder ab 4 Jahren.<\/p>\n<p>Kosten: Die Teilnahme kostet sechs Euro f\u00fcr Erwachsene und drei Euro f\u00fcr Kinder ab sieben Jahren.<\/p>\n<p>Treffpunkt: Freigel\u00e4nde Grenzsteinmuseum Burgweiler (Parken an der Riedhalle Burgweiler)<\/p>\n<p>Anmeldung und Information unter Telefon 07503 \/ 739.<\/p>\n<p>Weitere Veranstaltungen zum R\u00e4uberjahr 2019 unter https:\/\/www.schwarzervere.de\/<\/p>\n<p>&nbsp;<\/p>\n<p>&nbsp;<\/p>\n<h3><strong>Einschr\u00e4nkungen im Busverkehr<\/strong><\/h3>\n<h3><strong>w\u00e4hrend der Pfingstferien<\/strong><br \/>\n<strong>Ganzt\u00e4gige Netzg\u00fcltigkeit f\u00fcr Sch\u00fclermonatskarten &amp; Junior-Tickets<\/strong><\/h3>\n<p>&nbsp;<\/p>\n<p>Der Bodensee-Oberschwaben Verkehrsverbund m\u00f6chte die Fahrg\u00e4ste<\/p>\n<p>auf die Einschr\u00e4nkungen im Busverkehr w\u00e4hrend der kommenden Pfingstferien hinweisen.<\/p>\n<p>In den Schulferien von Dienstag, 11. Juni bis\u00a0einschlie\u00dflich Freitag, 21. Juni 2019 verkehren die im Bus-Fahrplan als \u201eS\u201c (=Schulzeit) gekennzeichneten Kurse nicht.<\/p>\n<p>Fahrg\u00e4ste werden gebeten, dies bei ihrer Reiseplanung zu beachten.<\/p>\n<p>Detaillierte Informationen sind beim jeweiligen Omnibusunternehmen oder direkt unter www.bodo.de im Bereich \u201eFahrpl\u00e4ne\u201c erh\u00e4ltlich. Auch die bodo-FahrplanApp (f\u00fcr Android und iOS) bietet aktuelle Fahrplanausk\u00fcnfte.<\/p>\n<p>bodo-Sch\u00fclermonatskarten (z.B. f\u00fcr Vollzeitsch\u00fcler und Auszubildende) und JuniorTickets f\u00fcr den Monat Juni haben in der genannten Ferienzeit ganzt\u00e4gige Netzg\u00fcltigkeit in Bus und Bahn im gesamten bodo-Verbundgebiet der drei Landkreise Bodenseekreis, Lindau und Ravensburg (au\u00dfer in den DB-Fernz\u00fcgen IC\/EC).<\/p>\n<p>Mit freundlichen Gr\u00fc\u00dfen<\/p>\n<p>i.A. Susanne Rist<\/p>\n<p>Vertrieb und Kundenservice<\/p>\n<p>susanne.rist@bodo.de<br \/>\nhttp:\/\/www.bodo.de<\/p>\n<p>Hilfreiche Antworten rund um die eCard finden Sie schnell und direkt unter www.bodo-ecard.de<\/p>\n<p>Bodensee-Oberschwaben<\/p>\n<p>Verkehrsverbund GmbH<br \/>\nBahnhofplatz 5<br \/>\n88214 Ravensburg<br \/>\nTelefon: 0751 36141-33<br \/>\nTelefax: 0751 36141-51<\/p>\n<p>Folgen Sie uns auf facebook<\/p>\n<p>www.facebook.com\/verkehrsverbundbodo<\/p>\n<p>Sitz der Gesellschaft: Ravensburg<br \/>\nGerichtsstand: Ravensburg<br \/>\nHandelsregistereintrag: HRB 552545<\/p>\n<p>Gesch\u00e4ftsf\u00fchrer: J\u00fcrgen L\u00f6ffler<br \/>\nVorsitzender des Aufsichtsrats: Landrat Elmar Stegmann<\/p>\n<p>[\/vc_column_text][\/vc_column][\/vc_row][vc_row][vc_column][\/vc_column][\/vc_row][vc_row full_width=&#8220;stretch_row&#8220; content_placement=&#8220;middle&#8220; css=&#8220;.vc_custom_1531395182556{margin-bottom: 80px !important;background-color: rgba(30,115,190,0.14) !important;*background-color: rgb(30,115,190) !important;}&#8220;][vc_column][vc_column_text]<\/p>\n<p style=\"text-align: center\">Das gesamten Verbandsanzeiger und das\u00a0Katholische Kirchenblatt k\u00f6nnen Sie direkt bei der Druckerei Restle bestellen:<\/p>\n<p style=\"text-align: center\"><strong>Druck und Verlag &#8211; Fa. Restle GmbH<\/strong><br \/>\nHindenburgstr. 40-42,<br \/>\n88361 Altshausen<br \/>\nTelefon : 07584 \/ 3507 &#8211; Fax : 07584 \/ 2745<\/p>\n<p style=\"text-align: center\"><strong><a href=\"mailto:restle-druck@t-online.de\">restle-druck@t-online.de<\/a><\/strong><\/p>\n<p>[\/vc_column_text][\/vc_column][\/vc_row]<\/p>\n","protected":false},"excerpt":{"rendered":"<p>[vc_row css=&#8220;.vc_custom_1531391917905{background-color: #ededed !important;}&#8220;][vc_column][vc_custom_heading text=&#8220;K\u00f6nigseggwalder Verbandsanzeiger&#8220; font_container=&#8220;tag:h2|text_align:center&#8220; google_fonts=&#8220;font_family:Roboto%3A100%2C100italic%2C300%2C300italic%2Cregular%2Citalic%2C500%2C500italic%2C700%2C700italic%2C900%2C900italic|font_style:400%20regular%3A400%3Anormal&#8220;][\/vc_column][\/vc_row][vc_row css=&#8220;.vc_custom_1531392462926{margin-top: -30px !important;background-color: #ededed !important;}&#8220;][vc_column width=&#8220;1\/3&#8243;][\/vc_column][vc_column width=&#8220;1\/3&#8243;][vc_custom_heading<span class=\"excerpt-hellip\"> [\u2026]<\/span><\/p>\n","protected":false},"author":4,"featured_media":1792,"comment_status":"closed","ping_status":"closed","sticky":false,"template":"","format":"standard","meta":{"footnotes":""},"categories":[11],"tags":[],"class_list":["post-2646","post","type-post","status-publish","format-standard","has-post-thumbnail","hentry","category-verbandsanzeiger"],"_links":{"self":[{"href":"https:\/\/koenigseggwald.de\/index.php\/wp-json\/wp\/v2\/posts\/2646","targetHints":{"allow":["GET"]}}],"collection":[{"href":"https:\/\/koenigseggwald.de\/index.php\/wp-json\/wp\/v2\/posts"}],"about":[{"href":"https:\/\/koenigseggwald.de\/index.php\/wp-json\/wp\/v2\/types\/post"}],"author":[{"embeddable":true,"href":"https:\/\/koenigseggwald.de\/index.php\/wp-json\/wp\/v2\/users\/4"}],"replies":[{"embeddable":true,"href":"https:\/\/koenigseggwald.de\/index.php\/wp-json\/wp\/v2\/comments?post=2646"}],"version-history":[{"count":0,"href":"https:\/\/koenigseggwald.de\/index.php\/wp-json\/wp\/v2\/posts\/2646\/revisions"}],"wp:featuredmedia":[{"embeddable":true,"href":"https:\/\/koenigseggwald.de\/index.php\/wp-json\/wp\/v2\/media\/1792"}],"wp:attachment":[{"href":"https:\/\/koenigseggwald.de\/index.php\/wp-json\/wp\/v2\/media?parent=2646"}],"wp:term":[{"taxonomy":"category","embeddable":true,"href":"https:\/\/koenigseggwald.de\/index.php\/wp-json\/wp\/v2\/categories?post=2646"},{"taxonomy":"post_tag","embeddable":true,"href":"https:\/\/koenigseggwald.de\/index.php\/wp-json\/wp\/v2\/tags?post=2646"}],"curies":[{"name":"wp","href":"https:\/\/api.w.org\/{rel}","templated":true}]}}