{"id":2562,"date":"2019-03-29T09:50:48","date_gmt":"2019-03-29T08:50:48","guid":{"rendered":"https:\/\/homepage-qkr4bkkudr.live-website.com\/?p=2562"},"modified":"2019-04-26T10:09:25","modified_gmt":"2019-04-26T08:09:25","slug":"verbandsanzeiger-29-03-2019","status":"publish","type":"post","link":"https:\/\/koenigseggwald.de\/index.php\/verbandsanzeiger-29-03-2019\/","title":{"rendered":"Verbandsanzeiger 29.03.2019"},"content":{"rendered":"<p>[vc_row css=&#8220;.vc_custom_1531391917905{background-color: #ededed !important;}&#8220;][vc_column][vc_custom_heading text=&#8220;K\u00f6nigseggwalder Verbandsanzeiger&#8220; font_container=&#8220;tag:h2|text_align:center&#8220; google_fonts=&#8220;font_family:Roboto%3A100%2C100italic%2C300%2C300italic%2Cregular%2Citalic%2C500%2C500italic%2C700%2C700italic%2C900%2C900italic|font_style:400%20regular%3A400%3Anormal&#8220;][\/vc_column][\/vc_row][vc_row css=&#8220;.vc_custom_1531392462926{margin-top: -30px !important;background-color: #ededed !important;}&#8220;][vc_column width=&#8220;1\/2&#8243;][vc_custom_heading text=&#8220;29.03.2019&#8243; font_container=&#8220;tag:h4|font_size:14|text_align:right&#8220; google_fonts=&#8220;font_family:Roboto%3A100%2C100italic%2C300%2C300italic%2Cregular%2Citalic%2C500%2C500italic%2C700%2C700italic%2C900%2C900italic|font_style:400%20regular%3A400%3Anormal&#8220; css=&#8220;.vc_custom_1556265366366{padding-right: 20px !important;}&#8220;][\/vc_column][\/vc_row][vc_row css=&#8220;.vc_custom_1531392125335{padding-right: 20px !important;padding-left: 20px !important;background-color: rgba(0,0,0,0.06) !important;*background-color: rgb(0,0,0) !important;border-radius: 3px !important;}&#8220;][vc_column css=&#8220;.vc_custom_1540906062541{border-radius: 3px !important;}&#8220;][vc_column_text]<\/p>\n<h3><strong>Gemeinderatswahl<\/strong><\/h3>\n<h3><strong>Einladung zur Sitzung des Gemeindewahlausschusses (\u00a7\u00a7 21 Abs. 3, 18 ABS 1 KomWO)<\/strong><\/h3>\n<p>Am<\/p>\n<p><strong>Donnerstag<\/strong>, den <strong>04.04.2019<\/strong>,<\/p>\n<p>um<strong> 18.00 Uhr<\/strong> findet<\/p>\n<p>im Rathaus K\u00f6nigseggwald im Sitzungssaal<\/p>\n<p>eine \u00f6ffentliche Sitzung des Gemeindewahlausschusses statt.<\/p>\n<p>Gegenstand der Sitzung:<\/p>\n<p>Pr\u00fcfung der eingegangenen Wahlvorschl\u00e4ge zu der obengenannten Wahl und Beschlussfassung \u00fcber die Zulassung oder Zur\u00fcckweisung der Wahlvorschl\u00e4ge.<\/p>\n<p>Zu dieser Sitzung sind alle B\u00fcrger und B\u00fcrgerinnen herzlich eingeladen.<\/p>\n<p>&nbsp;<\/p>\n<h3><strong>Einladung zur Gemeinderatssitzung<\/strong><\/h3>\n<p>Am Donnerstag, den 04. April 2019 findet um 20.00 Uhr im Sitzungssaal des Rathauses eine \u00f6ffentliche Gemeinderatssitzung mit folgender Tagesordnung statt:<\/p>\n<p><strong>1. Baugesuche<\/strong><\/p>\n<p>Nutzungs\u00e4nderung<\/p>\n<p>Bestehender Zuchtschweinestall mit Ferkelaufzucht auf Flurst\u00fcck 590 soll zum Legehennenstall umgenutzt werden.<\/p>\n<p>Bauherr: Peter Rimmele, Hauptstra\u00dfe 12, 88376 K\u00f6nigseggwald<\/p>\n<p>&nbsp;<\/p>\n<p>Nachtragsbaugesuch\/Nutzungs\u00e4nderung<\/p>\n<p>Der ehemalige \u00d6konomieteil im best. Geb\u00e4ude wird in Werkstattr\u00e4ume f\u00fcr<\/p>\n<p>Kraftradservice umgenutzt, 88376 K\u00f6nigseggwald, Flst. 52\/4, Ho\u00dfkircher Str. 15<\/p>\n<p>Bauherr: Reinhold Scheck, Ho\u00dfkircher Str. 15<\/p>\n<p><strong>2. Annahme von Spenden<\/strong><\/p>\n<p><strong>3. Bestellung der Gutachter f\u00fcr den Gutachterausschuss des Gemeindeverwaltungsverbandes Altshausen<\/strong><\/p>\n<p><strong>4. Jagdpachtvertrag<\/strong><\/p>\n<p>Neuverpachtung<\/p>\n<p><strong>5. B\u00fcrgerfragestunde<\/strong><\/p>\n<p><strong>6. Verschiedenes<\/strong><\/p>\n<p>Zu dieser Gemeinderatssitzung sind B\u00fcrger und B\u00fcrgerinnen herzlich eingeladen.<\/p>\n<p>&nbsp;<\/p>\n<h3><strong>Veranstaltungskalender April\/Mai 2019<\/strong><\/h3>\n<p>06.04.2019<br \/>\nHauptversammlung<br \/>\nFeuerwehrhaus<br \/>\nFeuerwehr<br \/>\n06.04.2019<br \/>\nGeneralversammlung<br \/>\nGasthaus L\u00f6wen<br \/>\nFanfarenzug<br \/>\n13.04.2019<br \/>\nKonzert<br \/>\nB\u00fcrgersaal<br \/>\nMusikverein<br \/>\n20.04.2019<br \/>\nOsterlauf<br \/>\nVereinsheim<br \/>\nFanfarenzug<br \/>\n26.04.2019<br \/>\nPatrozinium<br \/>\nKirche<br \/>\nKath.Kirchengemeinde<br \/>\n27.04.2018<br \/>\nKonzert<br \/>\nB\u00fcrgersaal<br \/>\nLiederkranz<br \/>\n28.04.2019<br \/>\nErtskommunion<br \/>\nKirche<br \/>\nKath.Kirchengemeinde<br \/>\n30.04.2019<br \/>\nMaibaum stellen<br \/>\nVereinshaus<br \/>\nNarrenverein<br \/>\n01.05.2019<br \/>\nMaiwanderung<br \/>\nFeuerwehr<br \/>\n11.05.2019<br \/>\nHauptprobe<br \/>\nFeuerwehr<br \/>\n19.05.2019<br \/>\nFeuerwehrtag<br \/>\nSpieleland<br \/>\nJugendfeuerwehr<br \/>\n21.05.2019<br \/>\nSeniorenmaiandacht<br \/>\nKirche<br \/>\nKath.Kirchengemeinde<br \/>\n24.-26.05.2019<br \/>\nSommerfest<br \/>\nFestzelt<br \/>\nMusikverein<br \/>\n26.05.2019<br \/>\nGemeinsamer Gottesdienst mit der Seelsorgeeinheit Altshausen<br \/>\nFestzelt<br \/>\nMusikverein \/Seelsorgeeinheit Altshausen<br \/>\n<strong>Geschwindigkeitsmessung in K\u00f6nigseggwald<\/strong><\/p>\n<p>Am Mittwoch, den 16.01.2019 wurde vom Landratsamt Ravensburg-Verkehrsamt in der Hauptstra\u00dfe, Einm\u00fcndung Br\u00fchlhof, eine Geschwindigkeitsmessung durchgef\u00fchrt. Bei 133 gemessenen Fahrzeugen wurden 15 \u00dcberschreitungen<\/p>\n<p>= 11,3 %\u00a0 festgestellt. Die festgestellte H\u00f6chstgeschwindigkeit betrug 79 km\/h.<\/p>\n<p>Am Donnerstag, den 14.02.2019 wurde vom Landratsamt Ravensburg-Verkehrsamt in der Hauptstra\u00dfe, Einm\u00fcndung Br\u00fchlhof, eine Geschwindigkeitsmessung durchgef\u00fchrt. Bei 183 gemessenen Fahrzeugen wurden 22 \u00dcberschreitungen<\/p>\n<p>= 12 %\u00a0 festgestellt. Die festgestellte H\u00f6chstgeschwindigkeit betrug 70 km\/h.<\/p>\n<p>&nbsp;<\/p>\n<h3>Kath. Kindergarten St. Georg<\/h3>\n<p>Vor einigen Wochen bekamen wir einen gebrauchten Kinder-Transportwagen, ein sogenanntes \u201eKinder-Taxi\u201c angeboten, in welchem 6 Kleinkinder Platz finden und somit Exkursionen auch mit unseren J\u00fcngsten Kindern durchs Dorf m\u00f6glich sind. Den Transport zu uns nach K\u00f6nigseggwald hat unsere Urlaubs- und Krankheitsvertretung Christa Wahl organisiert und durchgef\u00fchrt. Vielen lieben Dank daf\u00fcr!<\/p>\n<p>Dann stand er da, bei uns im Flur, unser neues Eigentum. Wir Erzieherinnen wollten auf Nummer sicher gehen, dass der Wagen sicher ist und voll funktionsf\u00e4hig ist. Schnell wurde der\u00a0 Kindergartenpapa Alexander Kieferle gefragt, und er erkl\u00e4rte sich sofort bereit, sich der Sache anzunehmen. Es stellte sich heraus, dass so dies und das zu reparieren, zu ersetzen, neu einzustellen war: die Bremsen wurden eingestellt, Schl\u00e4uche bei der Bereifung ersetzt, marode Teile ersetzt und er bekam sogar einen frischen Anstrich. Unser Kinder-Taxi wurde sozusagen \u201efrisch T\u00dcV\u201c gemacht. Herr Kieferle hat diese nun doch recht umfangreichen Reparaturarbeiten ganz umsonst f\u00fcr unseren Kindergarten gemacht. Daf\u00fcr sagen wir ein ganz herzliches \u201eVergelts`s Gott\u201c!<\/p>\n<p>Literaturwoche mit den \u201eSchlauen F\u00fcchsen\u201c<\/p>\n<p>Mit der Altersgruppe unserer Schlauen F\u00fcchse besch\u00e4ftigten wir uns ausf\u00fchrlich zum Thema B\u00fccher, Geschichten, Buchstaben, Wort und Schrift. Die Kinder waren hochinteressiert am Thema. Auch die j\u00fcngeren dieser Altersgruppe fanden auf einmal Interesse an den Buchstaben ihres eigenen Namens, oder an W\u00f6rtern wie Mama. Wir besch\u00e4ftigten uns viel mit Anlauten, Anfangsbuchstaben, Reimw\u00f6rtern, lustigen wortreichen Phantasie- und Bewegungsgeschichten, woran die Kinder riesen gro\u00dfen Spa\u00df hatten. An Donnerstag, 14. M\u00e4rz 2019 waren wir dann eingeladen zu Waltraud Eberhard und Toni Prasser in die katholische Pfarrb\u00fccherei. Manche Kinder kannten die B\u00fccherei von Besuchen mit den Eltern, die anderen Kinder lernten sie heute kennen. Wir wurden herzlich empfangen, und Frau Eberhard und Frau Prasser erkl\u00e4rten geduldig und anschaulich, wie das Ausleihen der B\u00fccher funktioniert, wo die Kinder \u201eihre\u201c Kinderb\u00fccher finden, wie lange man ein ausgeliehenes Buch zu Hause haben darf, und noch mehr. Aus der Vielzahl von B\u00fcchern fanden die Kinder schnell ihre Favoriten. Aus diesen wurde von Frau Prasser und Frau Eberhart den begeisterten kleinen Zuh\u00f6rern vorgelesen. Zum Abschluss bekam jedes Kind einen \u201eB\u00fcchereif\u00fchrerschein\u201c ausgeh\u00e4ndigt. Darauf ist eine \u201eLeseratte\u201c abgebildet \u2013 denn jetzt wissen alle, was das ist, und wie alles so vor sich geht in unserer B\u00fccherei. Und ein sch\u00f6nes Lesezeichen bekam jedes Kind mit nach Hause, welches hoffentlich bald in Gebrauch sein wird. Wir bedanken uns ganz herzlich bei den beiden Frauen, dass sie so toll vorbereitet unsere Schlauen F\u00fcchse empfangen und begleitet haben. Frau Prasser und Frau Eberhart freuen sich auf den Besuch von vielen Kindern mit ihren Eltern in der Pfarrb\u00fccherei. Denn auch f\u00fcr die \u201eGro\u00dfen\u201c stehen viele B\u00fccher zum Ausleihen bereit.<\/p>\n<p>Wir haben einiges gelernt, daf\u00fcr sagen wir \u201eVergelts`s Gott\u201c \u2013 wir kommen gerne wieder einmal.<\/p>\n<p><img loading=\"lazy\" decoding=\"async\" class=\"alignnone size-medium wp-image-2563\" src=\"https:\/\/homepage-qkr4bkkudr.live-website.com\/wp-content\/uploads\/2019\/04\/st-300x225.jpg\" alt=\"\" width=\"300\" height=\"225\" srcset=\"https:\/\/koenigseggwald.de\/wp-content\/uploads\/2019\/04\/st-300x225.jpg 300w, https:\/\/koenigseggwald.de\/wp-content\/uploads\/2019\/04\/st-195x146.jpg 195w, https:\/\/koenigseggwald.de\/wp-content\/uploads\/2019\/04\/st-50x37.jpg 50w, https:\/\/koenigseggwald.de\/wp-content\/uploads\/2019\/04\/st-100x75.jpg 100w, https:\/\/koenigseggwald.de\/wp-content\/uploads\/2019\/04\/st.jpg 459w\" sizes=\"auto, (max-width:767px) 300px, 300px\" \/><\/p>\n<p>Im Namen des Erzieherinnenteams<\/p>\n<p>Sabine Kemmer<\/p>\n<p>&nbsp;<\/p>\n<h3><strong>Freiwillige Feuerwehr K\u00f6nigseggwald<\/strong><\/h3>\n<p>Am kommenden Samstag, den 30. M\u00e4rz 2019 f\u00fchren wir eine Schrottsammlung durch.<\/p>\n<p>Die Metalle bitte bis 9.00 Uhr am Stra\u00dfenrand bereitstellen. Sperringe oder schwere Gegenst\u00e4nde k\u00f6nnen unter der Telefon Nr. 01738821477, Klaus Sauter zur Abholung angemeldet werden.<\/p>\n<p>Bitte keine Gegenst\u00e4nde eigenm\u00e4chtig in den Container werfen!!!<\/p>\n<p>Die Wehr trifft sich um 9.00 Uhr am Ger\u00e4tehaus<\/p>\n<p>Die Feuerwehr K\u00f6nigseggwald<\/p>\n<p>&nbsp;<\/p>\n<h3><strong>Vereinsnachrichten<\/strong><\/h3>\n<p><strong>Narrenverein \u201eSchwarz Vere\u201c K\u00f6nigseggwald<\/strong><\/p>\n<p>Mitgliederversammlung des Narrenvereins am 29.03.2019<\/p>\n<p>Am Freitag, den 29.03.2019 findet unsere Mitgliederversammlung um 20.00 Uhr im Gasthaus L\u00f6wen statt.<\/p>\n<p>Alle Mitglieder, Freunde und G\u00f6nner sind herzlich eingeladen.<\/p>\n<p>Auf der Tagesordnung stehen folgende Punkte:<\/p>\n<p>Begr\u00fc\u00dfung<br \/>\nTotenehrung<br \/>\nBericht der Chronistin<br \/>\nBericht des Schatzmeisters<br \/>\nBericht der Kassenpr\u00fcfer<br \/>\nEntlastung der Vorstandschaft<br \/>\nWahlen<br \/>\nEhrungen<br \/>\nVerschiedenes<br \/>\nW\u00fcnsche und Antr\u00e4ge<br \/>\nW\u00fcnsche und Antr\u00e4ge sind bis sp\u00e4testens Donnerstag, 28.03.2019 beim 1. Vorstand Michael Gittinger, Seestr. 29, 88376 K\u00f6nigseggwald einzureichen.<\/p>\n<p>Vorstand Michael Gittinger<\/p>\n<p>&nbsp;<\/p>\n<p><strong>Fanfarenzug K\u00f6nigseggwald<\/strong><\/p>\n<p>Generalversammlung 2019<\/p>\n<p>Am Samstag, den 06.04.2019 findet um 20:00 Uhr unsere diesj\u00e4hrige Generalversammlung im Gasthof \u201eGoldener L\u00f6wen\u201c in K\u00f6nigseggwald statt.<\/p>\n<p>&nbsp;<\/p>\n<p>Folgende Tagesordnungspunkte stehen auf dem Programm<\/p>\n<p>TOP 01 \u2013 Begr\u00fc\u00dfung durch den 1. Vorstand<\/p>\n<p>TOP 02 \u2013 Totenehrung<\/p>\n<p>TOP 03 \u2013 Bericht des Schriftf\u00fchrers<\/p>\n<p>TOP 04 \u2013 Bericht des Kassierers<\/p>\n<p>TOP 05 \u2013 Bericht der Kassenpr\u00fcfer<\/p>\n<p>TOP 06 \u2013 Entlastung Vorstandschaft<\/p>\n<p>TOP 07 \u2013 Neuwahlen (1. Vorstand, Kassierer, Beisitzer, Kassenpr\u00fcfer)<\/p>\n<p>TOP 08 \u2013 Ehrungen<\/p>\n<p>TOP 09 \u2013 Vorschau aufs kommende Vereinsjahr<\/p>\n<p>TOP 10 \u2013 W\u00fcnsche und Antr\u00e4ge, Sonstiges<\/p>\n<p>W\u00fcnsche und Antr\u00e4ge sind sp\u00e4testens bis zum 05.04.2019 beim 1. Vorstand Stefan Stegmaier, (Amselweg 9, 88376 K\u00f6nigseggwald, Fanfarenzug.Koenigseggwald@gmail.com) einzureichen.<\/p>\n<p>Zur Generalversammlung sind alle aktiven, passiven und ehemaligen Mitglieder, alle Gemeinder\u00e4te und Vertreter der \u00f6rtlichen Vereine sowie Freunde und G\u00f6nner recht herzlich eingeladen.<\/p>\n<p>&nbsp;<\/p>\n<h3><strong>Osterlauf 2018<\/strong><\/h3>\n<p>Am Karsamstag, 20.04.2019 findet um 14:00 Uhr der traditionelle Osterlauf in K\u00f6nigseggwald am Vereinsheim statt.<\/p>\n<p>&nbsp;<\/p>\n<p>[\/vc_column_text][\/vc_column][\/vc_row][vc_row][vc_column][\/vc_column][\/vc_row][vc_row full_width=&#8220;stretch_row&#8220; content_placement=&#8220;middle&#8220; css=&#8220;.vc_custom_1531395182556{margin-bottom: 80px !important;background-color: rgba(30,115,190,0.14) !important;*background-color: rgb(30,115,190) !important;}&#8220;][vc_column][vc_column_text]<\/p>\n<p style=\"text-align: center\">Das gesamten Verbandsanzeiger und das\u00a0Katholische Kirchenblatt k\u00f6nnen Sie direkt bei der Druckerei Restle bestellen:<\/p>\n<p style=\"text-align: center\"><strong>Druck und Verlag &#8211; Fa. Restle GmbH<\/strong><br \/>\nHindenburgstr. 40-42,<br \/>\n88361 Altshausen<br \/>\nTelefon : 07584 \/ 3507 &#8211; Fax : 07584 \/ 2745<\/p>\n<p style=\"text-align: center\"><strong><a href=\"mailto:restle-druck@t-online.de\">restle-druck@t-online.de<\/a><\/strong><\/p>\n<p>[\/vc_column_text][\/vc_column][\/vc_row]<\/p>\n","protected":false},"excerpt":{"rendered":"<p>[vc_row css=&#8220;.vc_custom_1531391917905{background-color: #ededed !important;}&#8220;][vc_column][vc_custom_heading text=&#8220;K\u00f6nigseggwalder Verbandsanzeiger&#8220; font_container=&#8220;tag:h2|text_align:center&#8220; google_fonts=&#8220;font_family:Roboto%3A100%2C100italic%2C300%2C300italic%2Cregular%2Citalic%2C500%2C500italic%2C700%2C700italic%2C900%2C900italic|font_style:400%20regular%3A400%3Anormal&#8220;][\/vc_column][\/vc_row][vc_row css=&#8220;.vc_custom_1531392462926{margin-top: -30px !important;background-color: #ededed !important;}&#8220;][vc_column width=&#8220;1\/2&#8243;][vc_custom_heading text=&#8220;29.03.2019&#8243;<span class=\"excerpt-hellip\"> [\u2026]<\/span><\/p>\n","protected":false},"author":4,"featured_media":1792,"comment_status":"closed","ping_status":"closed","sticky":false,"template":"","format":"standard","meta":{"footnotes":""},"categories":[11],"tags":[],"class_list":["post-2562","post","type-post","status-publish","format-standard","has-post-thumbnail","hentry","category-verbandsanzeiger"],"_links":{"self":[{"href":"https:\/\/koenigseggwald.de\/index.php\/wp-json\/wp\/v2\/posts\/2562","targetHints":{"allow":["GET"]}}],"collection":[{"href":"https:\/\/koenigseggwald.de\/index.php\/wp-json\/wp\/v2\/posts"}],"about":[{"href":"https:\/\/koenigseggwald.de\/index.php\/wp-json\/wp\/v2\/types\/post"}],"author":[{"embeddable":true,"href":"https:\/\/koenigseggwald.de\/index.php\/wp-json\/wp\/v2\/users\/4"}],"replies":[{"embeddable":true,"href":"https:\/\/koenigseggwald.de\/index.php\/wp-json\/wp\/v2\/comments?post=2562"}],"version-history":[{"count":0,"href":"https:\/\/koenigseggwald.de\/index.php\/wp-json\/wp\/v2\/posts\/2562\/revisions"}],"wp:featuredmedia":[{"embeddable":true,"href":"https:\/\/koenigseggwald.de\/index.php\/wp-json\/wp\/v2\/media\/1792"}],"wp:attachment":[{"href":"https:\/\/koenigseggwald.de\/index.php\/wp-json\/wp\/v2\/media?parent=2562"}],"wp:term":[{"taxonomy":"category","embeddable":true,"href":"https:\/\/koenigseggwald.de\/index.php\/wp-json\/wp\/v2\/categories?post=2562"},{"taxonomy":"post_tag","embeddable":true,"href":"https:\/\/koenigseggwald.de\/index.php\/wp-json\/wp\/v2\/tags?post=2562"}],"curies":[{"name":"wp","href":"https:\/\/api.w.org\/{rel}","templated":true}]}}