{"id":2470,"date":"2019-04-02T16:49:37","date_gmt":"2019-04-02T14:49:37","guid":{"rendered":"https:\/\/homepage-qkr4bkkudr.live-website.com\/?p=2470"},"modified":"2019-04-02T17:02:58","modified_gmt":"2019-04-02T15:02:58","slug":"verbandsanzeiger-05-04-2019","status":"publish","type":"post","link":"https:\/\/koenigseggwald.de\/index.php\/verbandsanzeiger-05-04-2019\/","title":{"rendered":"Verbandsanzeiger 05.04.2019"},"content":{"rendered":"<p>[vc_row css=&#8220;.vc_custom_1531391917905{background-color: #ededed !important;}&#8220;][vc_column][vc_custom_heading text=&#8220;K\u00f6nigseggwalder Verbandsanzeiger&#8220; font_container=&#8220;tag:h2|text_align:center&#8220; google_fonts=&#8220;font_family:Roboto%3A100%2C100italic%2C300%2C300italic%2Cregular%2Citalic%2C500%2C500italic%2C700%2C700italic%2C900%2C900italic|font_style:400%20regular%3A400%3Anormal&#8220;][\/vc_column][\/vc_row][vc_row css=&#8220;.vc_custom_1531392462926{margin-top: -30px !important;background-color: #ededed !important;}&#8220;][vc_column width=&#8220;1\/2&#8243;][vc_custom_heading text=&#8220;05.04.2019&#8243; font_container=&#8220;tag:h4|font_size:14|text_align:right&#8220; google_fonts=&#8220;font_family:Roboto%3A100%2C100italic%2C300%2C300italic%2Cregular%2Citalic%2C500%2C500italic%2C700%2C700italic%2C900%2C900italic|font_style:400%20regular%3A400%3Anormal&#8220; css=&#8220;.vc_custom_1554217351825{padding-right: 20px !important;}&#8220;][\/vc_column][\/vc_row][vc_row css=&#8220;.vc_custom_1531392125335{padding-right: 20px !important;padding-left: 20px !important;background-color: rgba(0,0,0,0.06) !important;*background-color: rgb(0,0,0) !important;border-radius: 3px !important;}&#8220;][vc_column css=&#8220;.vc_custom_1540906062541{border-radius: 3px !important;}&#8220;][vc_column_text]<\/p>\n<h3><strong>\u00d6ffnungszeiten im Rathaus:<\/strong><\/h3>\n<p>Das Rathaus bleibt am Gr\u00fcndonnerstag geschlossen.<\/p>\n<p>Wir bitten um Beachtung und Verst\u00e4ndnis.<\/p>\n<p>&nbsp;<\/p>\n<h3><strong>Naturschutzzentrum Wilhelmsdorf der Stiftung Naturschutz<br \/>\nPfrunger-Burgweiler Ried<\/strong><\/h3>\n<p><strong>\u00a0<\/strong><strong>Samstag, 13. April 2019, von 14 bis 17 Uhr<\/strong><\/p>\n<p><strong>\u201eDie jungen Wilden\u201c \u2013 Gr\u00fcnkraft und Neunkr\u00e4utersuppe im Fr\u00fchjahr<\/strong><\/p>\n<p><strong>Kr\u00e4utererlebnisstunden im Naturschutzzentrum Wilhelmsdorf<\/strong><\/p>\n<p>Giersch, Vogelmiere, B\u00e4rlauch, L\u00f6wenzahn, Brennnessel, Spitzwegerich, Labkraut, Taubnessel und Schafgarbe &#8211; diese Wildkr\u00e4uter findet man bereits jetzt im Jugendstadium in Wald, Wiese und Garten. Vorausgesetzt, man kennt sie.<\/p>\n<p>Christina Benz, Naturp\u00e4dagogin und Heilkr\u00e4uterkundige, macht sich am Samstag,<br \/>\n13. April 2019, von 14 bis 17 Uhr gemeinsam mit den Kursbesuchern im Wald rund um das Naturschutzzentrum Wilhelmsdorf auf die Suche nach diesen \u201ejungen Wilden\u201c. So lautet das Thema dieses Kurses, in dem die G\u00e4ste nicht nur Wissenswertes \u00fcber die Heilwirkungen unserer Fr\u00fchlingskr\u00e4uter erfahren, sondern sich auch auf die Spuren uralter Mythen und Sagen rund um unsere einheimischen Pflanzen begeben. Die Naturp\u00e4dagogin erz\u00e4hlt, woher dieser Brauch stammt und warum es ausgerechnet neun Kr\u00e4uter sind, die sich f\u00fcr diese gr\u00fcne Kraftbr\u00fche eignen. Appetit holt man sich nach einer theoretischen Einf\u00fchrung in der Naturerlebnisschule auf einem Spaziergang, an dem man die Kr\u00e4uter sammelt, um sie sp\u00e4ter gemeinsam zu verarbeiten. Um wettergerechte Kleidung wird gebeten. Bei starkem Regen findet der Kurs ausschlie\u00dflich in der Naturerlebnisschule statt. Die Teilnahme kostet 15 Euro. Eine Anmeldung unter Telefon 07503 739 ist erforderlich.<\/p>\n<p><strong>Ort:<\/strong> Naturschutzzentrum Wilhelmsdorf, Naturerlebnisschule<\/p>\n<p><strong>Datum<\/strong>: Samstag, 13. April 2017<\/p>\n<p><strong>Uhrzeit<\/strong>: 14-17 Uhr<\/p>\n<p><strong>Eintritt<\/strong>: 15 Euro<\/p>\n<p><strong>Kursleiterin<\/strong>: Christina Benz<\/p>\n<p><strong>Anmeldung<\/strong>: erforderlich unter Telefon 07503 739<\/p>\n<p>&nbsp;<\/p>\n<p><strong>\u00a0<\/strong><\/p>\n<h3><strong><u>Vereinsnachrichten:<\/u><\/strong><\/h3>\n<h3><strong>Musikverein K\u00f6nigseggwald e.V.\u00a0<\/strong><\/h3>\n<p><strong>Jahreskonzert:<\/strong> Am Samstag, 13. April 2019 findet um 20:00 Uhr unser Jahreskonzert statt. Fabian Kessler \u2013 unser neuer Chef am Taktstock \u2013 probt seit geraumer Zeit mit seinen Musikerinnen und Musikern und hat einen bunten Strau\u00df an Melodien gebunden, den wir Euch an diesem Abend pr\u00e4sentieren m\u00f6chten. Auch unsere gemeinsame Jugendkapelle Ostrach-Hosskirch-K\u00f6nigseggwald wird im Rahmen des Jahreskonzertes ihr K\u00f6nnen pr\u00e4sentieren. Wir w\u00fcrden uns sehr \u00fcber einen vollbesetzten B\u00fcrgersaal freuen und laden Euch herzlich ein, an diesem Abend unsere G\u00e4ste zu sein.<\/p>\n<p><strong>90 Jahre Musikverein K\u00f6nigseggwald:<\/strong> Unsere Geburtstagsparty r\u00fcckt n\u00e4her. Am 25. Mai 2019 werden Anita und Alexandra Hofmann bei uns zu Gast sein und Euch \u2013 gemeinsam mit der Blaskapelle Peng \u2013 einen unvergesslichen Abend bereiten. Am 26. Mai 2019 feiern wir mit vielen befreundeten Kapellen. Nach dem Fr\u00fchschoppen mit dem Musikverein Ahausen, werden wir um 14:00 Uhr einen Gesamtchor im Schlosspark, gefolgt vom Umzug der Kapellen ins Festzelt, durchf\u00fchren. Die Musikkapelle Eggmannsried \u00fcbernimmt danach die Unterhaltung und wird auch beim Fahneneinmarsch kr\u00e4ftig einheizen. Tickets f\u00fcr den Samstag gibt\u00b4s ab sofort unter <a href=\"mailto:tickets@mv-homepage-qkr4bkkudr.live-website.com\">tickets@mv-homepage-qkr4bkkudr.live-website.com<\/a> oder unter 07587\/1410 (G\u00fcnter und Michaela Osswald). Au\u00dferdem k\u00f6nnt Ihr nat\u00fcrlich bei jedem Musikanten \/ jeder Musikantin Tickets bestellen.<\/p>\n<p>&nbsp;<\/p>\n<h3><strong>Fanfarenzug K\u00f6nigseggwald<br \/>\n<\/strong><\/h3>\n<h4><strong>Generalversammlung 2019<\/strong><\/h4>\n<p>Am Samstag, den 06.04.2019 findet um 20:00 Uhr unsere diesj\u00e4hrige Generalversammlung im Gasthof \u201eGoldener L\u00f6wen\u201c in K\u00f6nigseggwald statt.<\/p>\n<p>Folgende Tagesordnungspunkte stehen auf dem Programm<\/p>\n<p>TOP 01 \u2013 Begr\u00fc\u00dfung durch den 1. Vorstand<\/p>\n<p>TOP 02 \u2013 Totenehrung<\/p>\n<p>TOP 03 \u2013 Bericht des Schriftf\u00fchrers<\/p>\n<p>TOP 04 \u2013 Bericht des Kassierers<\/p>\n<p>TOP 05 \u2013 Bericht der Kassenpr\u00fcfer<\/p>\n<p>TOP 06 \u2013 Entlastung Vorstandschaft<\/p>\n<p>TOP 07 \u2013 Neuwahlen (1. Vorstand, Kassierer, Beisitzer, Kassenpr\u00fcfer)<\/p>\n<p>TOP 08 \u2013 Ehrungen<\/p>\n<p>TOP 09 \u2013 Vorschau aufs kommende Vereinsjahr<\/p>\n<p>TOP 10 \u2013 W\u00fcnsche und Antr\u00e4ge, Sonstiges<\/p>\n<p>W\u00fcnsche und Antr\u00e4ge sind sp\u00e4testens bis zum 05.04.2019 beim 1. Vorstand Stefan Stegmaier, (Amselweg 9, 88376 K\u00f6nigseggwald, <a href=\"mailto:Fanfarenzug.Koenigseggwald@gmail.com\">Fanfarenzug.Koenigseggwald@gmail.com<\/a>) einzureichen.<\/p>\n<p>Zur Generalversammlung sind alle aktiven, passiven und ehemaligen Mitglieder, alle Gemeinder\u00e4te und Vertreter der \u00f6rtlichen Vereine sowie Freunde und G\u00f6nner recht herzlich eingeladen.<\/p>\n<h3><strong>Osterlauf 2018<\/strong><\/h3>\n<p>Am Karsamstag, 20.04.2019 findet um 14:00 Uhr der traditionelle Osterlauf in K\u00f6nigseggwald am Vereinsheim statt.<\/p>\n<p>N\u00e4here Infos folgen in den Ausgaben der kommenden Wochen.[\/vc_column_text][\/vc_column][\/vc_row][vc_row][vc_column][\/vc_column][\/vc_row][vc_row full_width=&#8220;stretch_row&#8220; content_placement=&#8220;middle&#8220; css=&#8220;.vc_custom_1531395182556{margin-bottom: 80px !important;background-color: rgba(30,115,190,0.14) !important;*background-color: rgb(30,115,190) !important;}&#8220;][vc_column][vc_column_text]<\/p>\n<p style=\"text-align: center\">Das gesamten Verbandsanzeiger und das\u00a0Katholische Kirchenblatt k\u00f6nnen Sie direkt bei der Druckerei Restle bestellen:<\/p>\n<p style=\"text-align: center\"><strong>Druck und Verlag &#8211; Fa. Restle GmbH<\/strong><br \/>\nHindenburgstr. 40-42,<br \/>\n88361 Altshausen<br \/>\nTelefon : 07584 \/ 3507 &#8211; Fax : 07584 \/ 2745<\/p>\n<p style=\"text-align: center\"><strong><a href=\"mailto:restle-druck@t-online.de\">restle-druck@t-online.de<\/a><\/strong><\/p>\n<p>[\/vc_column_text][\/vc_column][\/vc_row]<\/p>\n","protected":false},"excerpt":{"rendered":"<p>[vc_row css=&#8220;.vc_custom_1531391917905{background-color: #ededed !important;}&#8220;][vc_column][vc_custom_heading text=&#8220;K\u00f6nigseggwalder Verbandsanzeiger&#8220; font_container=&#8220;tag:h2|text_align:center&#8220; google_fonts=&#8220;font_family:Roboto%3A100%2C100italic%2C300%2C300italic%2Cregular%2Citalic%2C500%2C500italic%2C700%2C700italic%2C900%2C900italic|font_style:400%20regular%3A400%3Anormal&#8220;][\/vc_column][\/vc_row][vc_row css=&#8220;.vc_custom_1531392462926{margin-top: -30px !important;background-color: #ededed !important;}&#8220;][vc_column width=&#8220;1\/2&#8243;][vc_custom_heading text=&#8220;05.04.2019&#8243;<span class=\"excerpt-hellip\"> [\u2026]<\/span><\/p>\n","protected":false},"author":4,"featured_media":1792,"comment_status":"closed","ping_status":"closed","sticky":false,"template":"","format":"standard","meta":{"footnotes":""},"categories":[11],"tags":[],"class_list":["post-2470","post","type-post","status-publish","format-standard","has-post-thumbnail","hentry","category-verbandsanzeiger"],"_links":{"self":[{"href":"https:\/\/koenigseggwald.de\/index.php\/wp-json\/wp\/v2\/posts\/2470","targetHints":{"allow":["GET"]}}],"collection":[{"href":"https:\/\/koenigseggwald.de\/index.php\/wp-json\/wp\/v2\/posts"}],"about":[{"href":"https:\/\/koenigseggwald.de\/index.php\/wp-json\/wp\/v2\/types\/post"}],"author":[{"embeddable":true,"href":"https:\/\/koenigseggwald.de\/index.php\/wp-json\/wp\/v2\/users\/4"}],"replies":[{"embeddable":true,"href":"https:\/\/koenigseggwald.de\/index.php\/wp-json\/wp\/v2\/comments?post=2470"}],"version-history":[{"count":0,"href":"https:\/\/koenigseggwald.de\/index.php\/wp-json\/wp\/v2\/posts\/2470\/revisions"}],"wp:featuredmedia":[{"embeddable":true,"href":"https:\/\/koenigseggwald.de\/index.php\/wp-json\/wp\/v2\/media\/1792"}],"wp:attachment":[{"href":"https:\/\/koenigseggwald.de\/index.php\/wp-json\/wp\/v2\/media?parent=2470"}],"wp:term":[{"taxonomy":"category","embeddable":true,"href":"https:\/\/koenigseggwald.de\/index.php\/wp-json\/wp\/v2\/categories?post=2470"},{"taxonomy":"post_tag","embeddable":true,"href":"https:\/\/koenigseggwald.de\/index.php\/wp-json\/wp\/v2\/tags?post=2470"}],"curies":[{"name":"wp","href":"https:\/\/api.w.org\/{rel}","templated":true}]}}