{"id":2460,"date":"2019-03-19T13:58:03","date_gmt":"2019-03-19T12:58:03","guid":{"rendered":"https:\/\/homepage-qkr4bkkudr.live-website.com\/?p=2460"},"modified":"2019-03-19T14:24:00","modified_gmt":"2019-03-19T13:24:00","slug":"verbandsanzeiger-22-03-2019","status":"publish","type":"post","link":"https:\/\/koenigseggwald.de\/index.php\/verbandsanzeiger-22-03-2019\/","title":{"rendered":"Verbandsanzeiger 22.03.2019"},"content":{"rendered":"<p>[vc_row css=&#8220;.vc_custom_1531391917905{background-color: #ededed !important;}&#8220;][vc_column][vc_custom_heading text=&#8220;K\u00f6nigseggwalder Verbandsanzeiger&#8220; font_container=&#8220;tag:h2|text_align:center&#8220; google_fonts=&#8220;font_family:Roboto%3A100%2C100italic%2C300%2C300italic%2Cregular%2Citalic%2C500%2C500italic%2C700%2C700italic%2C900%2C900italic|font_style:400%20regular%3A400%3Anormal&#8220;][\/vc_column][\/vc_row][vc_row css=&#8220;.vc_custom_1531392462926{margin-top: -30px !important;background-color: #ededed !important;}&#8220;][vc_column width=&#8220;1\/2&#8243;][vc_custom_heading text=&#8220;22.03.2019&#8243; font_container=&#8220;tag:h4|font_size:14|text_align:right&#8220; google_fonts=&#8220;font_family:Roboto%3A100%2C100italic%2C300%2C300italic%2Cregular%2Citalic%2C500%2C500italic%2C700%2C700italic%2C900%2C900italic|font_style:400%20regular%3A400%3Anormal&#8220; css=&#8220;.vc_custom_1552999504634{padding-right: 20px !important;}&#8220;][\/vc_column][\/vc_row][vc_row css=&#8220;.vc_custom_1531392125335{padding-right: 20px !important;padding-left: 20px !important;background-color: rgba(0,0,0,0.06) !important;*background-color: rgb(0,0,0) !important;border-radius: 3px !important;}&#8220;][vc_column css=&#8220;.vc_custom_1540906062541{border-radius: 3px !important;}&#8220;][vc_column_text]<\/p>\n<h3>Gemeinderatssitzung<\/h3>\n<p>Die n\u00e4chste Gemeinderatssitzung findet am Donnerstag, den 4. April 2019 statt.<\/p>\n<p>&nbsp;<\/p>\n<h3>Aus der Gemeinderatssitzung vom 07.03.2019<\/h3>\n<h3>1. Baugesuche<\/h3>\n<p>Bau eines Einfamilienwohnhauses mit Carport und Ger\u00e4teschuppen auf<\/p>\n<p>Flurst\u00fcck Nr. 171\/1, Eschenweg 10<\/p>\n<p>Bauherr: Manuela Fischer und Andreas Kellner, Hauptstr. 38,<\/p>\n<p>88376 K\u00f6nigseggwald<\/p>\n<p>Der Gemeinderat stimmte wie vorgelegt dem Baugesuch einstimmig zu.<\/p>\n<p>&nbsp;<\/p>\n<p>Einbau einer barrierefreien Wohnung im EG und einer zus\u00e4tzlichen Wohneinheit im OG und DG im best. Geb\u00e4ude Kreuzstra\u00dfe 1<\/p>\n<p>Bauherr: Mayer Sonja und Kohler Wolfgang, 88376 K\u00f6nigseggwald<\/p>\n<p>Der Gemeinderat stimmte wie vorgelegt dem Baugesuch einstimmig zu.<\/p>\n<p>&nbsp;<\/p>\n<p>Einbau einer zus\u00e4tzlichen Wohnung in die ehemaligen Freizeit- und Betreuungsr\u00e4ume im \u00a0EG, Hauptstra\u00dfe 15<\/p>\n<p>Bauherr: Peter Wladarsch, Hauptstra\u00dfe 15, 88376 K\u00f6nigseggwald<\/p>\n<p>Der Gemeinderat stimmte wie vorgelegt dem Baugesuch einstimmig zu.<\/p>\n<p>&nbsp;<\/p>\n<p>&nbsp;<\/p>\n<p>&nbsp;<\/p>\n<h3>2. Information \u00fcber geplantes Landschaftsschutzgebiet<\/h3>\n<h3>Altshausen-Fleischwangen-K\u00f6nigsegg<\/h3>\n<p>Der Vorsitzende informiert den Gemeinderat, dass der Entwurf in zwei Informationsveranstaltungen in Ebenweiler und Riedhausen den B\u00fcrgerinnen und B\u00fcrgern der betroffenen Gemeinden vorgestellt wurde. Im Gemeinderat ging der Vorsitzende nochmals auf die wesentlichen \u00c4nderungen ein.<\/p>\n<p>Der Gemeinderat nahm dies zur Kenntnis.<\/p>\n<p>Vom Gemeinderat wurde der Antrag gestellt, dass das Flurst\u00fcck 741 und 742 ebenfalls aus der Schutzgebietszone herausgenommen werden soll.<\/p>\n<p>&nbsp;<\/p>\n<p>&nbsp;<\/p>\n<p>&nbsp;<\/p>\n<h3>Das Rathaus bleibt am Dienstag, den 26.03.2019 geschlossen.<\/h3>\n<p>Wir bitten um Beachtung und Verst\u00e4ndnis.<\/p>\n<p>&nbsp;<\/p>\n<p>&nbsp;<\/p>\n<p>&nbsp;<\/p>\n<p>&nbsp;<\/p>\n<h3>Einladung zur Informationsveranstaltung Kindergarten<\/h3>\n<p>Am Dienstag, den 26. M\u00e4rz 2019 um 19.30 Uhr findet im B\u00fcrgersaal eine Informationsveranstaltung zum Kindergarten K\u00f6nigseggwald statt.<\/p>\n<p>&nbsp;<\/p>\n<p><strong>Folgende Themen sind vorgesehen:<\/strong><\/p>\n<p>&#8211;\u00a0\u00a0\u00a0\u00a0\u00a0\u00a0 Information \u00fcber die aktuelle Situation<\/p>\n<p>&#8211;\u00a0\u00a0\u00a0\u00a0\u00a0\u00a0 Vorstellung von m\u00f6glichen Zukunftsprojekten, unter anderem Thema Waldkindergarten<\/p>\n<p>&#8211;\u00a0\u00a0\u00a0\u00a0\u00a0\u00a0 Fragen und Diskussion<\/p>\n<p>Zu dieser Veranstaltung sind alle B\u00fcrgerinnen und B\u00fcrger, insbesondere Eltern, die Kinder im Kindergartenalter haben, sehr herzlich eingeladen.<\/p>\n<p>\u00dcber zahlreichen Besuch freuen wir uns sehr.<\/p>\n<p>&nbsp;<\/p>\n<p>Veranstalter: Gemeinde K\u00f6nigseggwald und Katholische Kirchengemeinde<\/p>\n<p>K\u00f6nigseggwald<\/p>\n<p>&nbsp;<\/p>\n<p>&nbsp;<\/p>\n<h3>Vereinsnachrichten:<\/h3>\n<p><strong>Narrenverein \u201eSchwarz Vere\u201c K\u00f6nigseggwald<\/strong><\/p>\n<p>Mitgliederversammlung des Narrenvereins am 29.03.2019<\/p>\n<p>Am Freitag, den 29.03.2019 findet unsere Mitgliederversammlung um 20.00 Uhr im Gasthaus L\u00f6wen statt.<\/p>\n<p>Alle Mitglieder, Freunde und G\u00f6nner sind herzlich eingeladen.<\/p>\n<p>Auf der Tagesordnung stehen folgende Punkte:<\/p>\n<p>Begr\u00fc\u00dfung<br \/>\nTotenehrung<br \/>\nBericht der Chronistin<br \/>\nBericht des Schatzmeisters<br \/>\nBericht der Kassenpr\u00fcfer<br \/>\nEntlastung der Vorstandschaft<br \/>\nWahlen<br \/>\nEhrungen<br \/>\nVerschiedenes<br \/>\nW\u00fcnsche und Antr\u00e4ge<br \/>\nW\u00fcnsche und Antr\u00e4ge sind bis sp\u00e4testens Donnerstag, 28.03.2019 beim 1. Vorstand Michael Gittinger, Seestr. 29, 88376 K\u00f6nigseggwald einzureichen.<\/p>\n<p>Vorstand Michael Gittinger<\/p>\n<p>&nbsp;<\/p>\n<p>&nbsp;<\/p>\n<h3>Generalversammlung der Landjugend<\/h3>\n<p>Am Samstag, den 23.03.2019 findet die Generalversammlung der Landjugend K\u00f6nigseggwald um 19.00 Uhr im Gasthaus L\u00f6wen statt.<\/p>\n<p>&nbsp;<\/p>\n<h3>Funken 2019<\/h3>\n<p>Der Funken konnte dieses Jahr auf Grund der schlechten Wetterverh\u00e4ltnisse nicht abgebrannt werden.<br \/>\nLeider konnten wir auch keinen anderen Tag festlegen, da widerrechtlich Material am Funkenplatz abgeladen wurde, das dort definitiv nicht hingeh\u00f6rt. Beispielsweise B\u00e4ume mit Wurzeln.<br \/>\nWir bitten Sie, dies in Zukunft zu unterlassen und mit den Verantwortlichen vorher abzustimmen, was abgeladen werden darf und was nicht!<br \/>\nVielen Dank f\u00fcr Ihr Verst\u00e4ndnis.<\/p>\n<p>&nbsp;<\/p>\n<p>&nbsp;<\/p>\n<h3>Kinderbasar \u201eRund ums Kind\u201c in K\u00f6nigseggwald!<\/h3>\n<p>Am Samstag, den 23. M\u00e4rz 2019, veranstaltet das Basar-Team seinen 44. Kinderkleider-Basar mit Schwangerschaftskleidung im B\u00fcrgersaal in K\u00f6nigseggwald.<\/p>\n<p>Angenommen bzw. angeboten werden gut erhaltene und moderne Fr\u00fchjahr- und Sommerbekleidung f\u00fcr Kinder, Schwangerschaftskleidung, Babyausstattung, Autositze, Kinderwagen, Spielwaren, Sportartikel, usw.<\/p>\n<p>Nicht angenommen werden Unterw\u00e4sche, Str\u00fcmpfe und Strumpfhosen. Maximal 4 Paar Schuhe werden entgegengenommen.<\/p>\n<p>Die Teilnehmergeb\u00fchr betr\u00e4gt pro Anbieter 2,- \u20ac. 10% des Verkaufserl\u00f6ses werden einbehalten und kommen einem guten Zweck zugute. Teilnehmernummern gibt es ab sofort zwischen 9-20 Uhr unter Tel. 07587 \/ 922283 (Nr. 1-30) und Tel. 07587 \/ 922145 (Nr. 31-60).<\/p>\n<p>Annahme:\u00a0\u00a0\u00a0\u00a0\u00a0 Freitag, den 22.3.2019 von 17.00 Uhr bis 18.00 Uhr<\/p>\n<p>Verkauf:\u00a0\u00a0\u00a0\u00a0\u00a0\u00a0\u00a0\u00a0 Samstag, den 23.3.2019 von 13.00 Uhr bis 15.30 Uhr<\/p>\n<p>Abholung der nicht verkauften Teile:<\/p>\n<p>Samstag, den 23.3.2019 von 17.00 Uhr bis 17.30 Uhr.<\/p>\n<p>W\u00e4hrend des Verkaufs am Samstag bieten wir Kaffee und Kuchen, auch zum Mitnehmen, an.<\/p>\n<p>Wir freuen uns auf Euch \u2013 das Basar Team, K\u00f6nigseggwald[\/vc_column_text][\/vc_column][\/vc_row][vc_row][vc_column][\/vc_column][\/vc_row][vc_row full_width=&#8220;stretch_row&#8220; content_placement=&#8220;middle&#8220; css=&#8220;.vc_custom_1531395182556{margin-bottom: 80px !important;background-color: rgba(30,115,190,0.14) !important;*background-color: rgb(30,115,190) !important;}&#8220;][vc_column][vc_column_text]<\/p>\n<p style=\"text-align: center\">Das gesamten Verbandsanzeiger und das\u00a0Katholische Kirchenblatt k\u00f6nnen Sie direkt bei der Druckerei Restle bestellen:<\/p>\n<p style=\"text-align: center\"><strong>Druck und Verlag &#8211; Fa. Restle GmbH<\/strong><br \/>\nHindenburgstr. 40-42,<br \/>\n88361 Altshausen<br \/>\nTelefon : 07584 \/ 3507 &#8211; Fax : 07584 \/ 2745<\/p>\n<p style=\"text-align: center\"><strong><a href=\"mailto:restle-druck@t-online.de\">restle-druck@t-online.de<\/a><\/strong><\/p>\n<p>[\/vc_column_text][\/vc_column][\/vc_row]<\/p>\n","protected":false},"excerpt":{"rendered":"<p>[vc_row css=&#8220;.vc_custom_1531391917905{background-color: #ededed !important;}&#8220;][vc_column][vc_custom_heading text=&#8220;K\u00f6nigseggwalder Verbandsanzeiger&#8220; font_container=&#8220;tag:h2|text_align:center&#8220; google_fonts=&#8220;font_family:Roboto%3A100%2C100italic%2C300%2C300italic%2Cregular%2Citalic%2C500%2C500italic%2C700%2C700italic%2C900%2C900italic|font_style:400%20regular%3A400%3Anormal&#8220;][\/vc_column][\/vc_row][vc_row css=&#8220;.vc_custom_1531392462926{margin-top: -30px !important;background-color: #ededed !important;}&#8220;][vc_column width=&#8220;1\/2&#8243;][vc_custom_heading text=&#8220;22.03.2019&#8243;<span class=\"excerpt-hellip\"> [\u2026]<\/span><\/p>\n","protected":false},"author":4,"featured_media":1792,"comment_status":"closed","ping_status":"closed","sticky":false,"template":"","format":"standard","meta":{"footnotes":""},"categories":[11],"tags":[],"class_list":["post-2460","post","type-post","status-publish","format-standard","has-post-thumbnail","hentry","category-verbandsanzeiger"],"_links":{"self":[{"href":"https:\/\/koenigseggwald.de\/index.php\/wp-json\/wp\/v2\/posts\/2460","targetHints":{"allow":["GET"]}}],"collection":[{"href":"https:\/\/koenigseggwald.de\/index.php\/wp-json\/wp\/v2\/posts"}],"about":[{"href":"https:\/\/koenigseggwald.de\/index.php\/wp-json\/wp\/v2\/types\/post"}],"author":[{"embeddable":true,"href":"https:\/\/koenigseggwald.de\/index.php\/wp-json\/wp\/v2\/users\/4"}],"replies":[{"embeddable":true,"href":"https:\/\/koenigseggwald.de\/index.php\/wp-json\/wp\/v2\/comments?post=2460"}],"version-history":[{"count":0,"href":"https:\/\/koenigseggwald.de\/index.php\/wp-json\/wp\/v2\/posts\/2460\/revisions"}],"wp:featuredmedia":[{"embeddable":true,"href":"https:\/\/koenigseggwald.de\/index.php\/wp-json\/wp\/v2\/media\/1792"}],"wp:attachment":[{"href":"https:\/\/koenigseggwald.de\/index.php\/wp-json\/wp\/v2\/media?parent=2460"}],"wp:term":[{"taxonomy":"category","embeddable":true,"href":"https:\/\/koenigseggwald.de\/index.php\/wp-json\/wp\/v2\/categories?post=2460"},{"taxonomy":"post_tag","embeddable":true,"href":"https:\/\/koenigseggwald.de\/index.php\/wp-json\/wp\/v2\/tags?post=2460"}],"curies":[{"name":"wp","href":"https:\/\/api.w.org\/{rel}","templated":true}]}}