{"id":2454,"date":"2019-03-13T10:51:49","date_gmt":"2019-03-13T09:51:49","guid":{"rendered":"https:\/\/homepage-qkr4bkkudr.live-website.com\/?p=2454"},"modified":"2019-03-13T10:57:30","modified_gmt":"2019-03-13T09:57:30","slug":"verbandsanzeiger-15-03-2019","status":"publish","type":"post","link":"https:\/\/koenigseggwald.de\/index.php\/verbandsanzeiger-15-03-2019\/","title":{"rendered":"Verbandsanzeiger 15.03.2019"},"content":{"rendered":"<p>[vc_row css=&#8220;.vc_custom_1531391917905{background-color: #ededed !important;}&#8220;][vc_column][vc_custom_heading text=&#8220;K\u00f6nigseggwalder Verbandsanzeiger&#8220; font_container=&#8220;tag:h2|text_align:center&#8220; google_fonts=&#8220;font_family:Roboto%3A100%2C100italic%2C300%2C300italic%2Cregular%2Citalic%2C500%2C500italic%2C700%2C700italic%2C900%2C900italic|font_style:400%20regular%3A400%3Anormal&#8220;][\/vc_column][\/vc_row][vc_row css=&#8220;.vc_custom_1531392462926{margin-top: -30px !important;background-color: #ededed !important;}&#8220;][vc_column width=&#8220;1\/2&#8243;][vc_custom_heading text=&#8220;15.03.2019&#8243; font_container=&#8220;tag:h4|font_size:14|text_align:right&#8220; google_fonts=&#8220;font_family:Roboto%3A100%2C100italic%2C300%2C300italic%2Cregular%2Citalic%2C500%2C500italic%2C700%2C700italic%2C900%2C900italic|font_style:400%20regular%3A400%3Anormal&#8220; css=&#8220;.vc_custom_1552469860885{padding-right: 20px !important;}&#8220;][\/vc_column][\/vc_row][vc_row css=&#8220;.vc_custom_1531392125335{padding-right: 20px !important;padding-left: 20px !important;background-color: rgba(0,0,0,0.06) !important;*background-color: rgb(0,0,0) !important;border-radius: 3px !important;}&#8220;][vc_column css=&#8220;.vc_custom_1540906062541{border-radius: 3px !important;}&#8220;][vc_column_text]<\/p>\n<h3><strong>Fasnet 2019<\/strong><\/h3>\n<p>Nach den n\u00e4rrischen Tagen ist die Normalit\u00e4t wieder eingekehrt. In K\u00f6nigseggwald konnten wir eine sch\u00f6ne Dorffasnet erleben. Der B\u00fcrgerball mit seinem reichhaltigen<\/p>\n<p>und hervorragendem Programm hat bei allen Besuchern Begeisterung ausgel\u00f6st. Auf diesem Wege d\u00fcrfen wir allen Helferinnen und Helfern sowie Organisatoren dieser Veranstaltungen recht herzlich danken. Ein besonderer Dank gilt dem Narrenverein mit Zunftmeister Michael Gittinger f\u00fcr die hervorragende Durchf\u00fchrung und die viele Arbeit, die geleistet wurde.<\/p>\n<p>&nbsp;<\/p>\n<h3><strong>Einladung zur Informationsveranstaltung Kindergarten<\/strong><\/h3>\n<p>Am Dienstag, den 26. M\u00e4rz 2019 um 19.30 Uhr findet im B\u00fcrgersaal eine Informationsveranstaltung zum Kindergarten K\u00f6nigseggwald statt.<\/p>\n<p>Folgende Themen sind vorgesehen:<\/p>\n<p>&#8211;\u00a0\u00a0\u00a0\u00a0\u00a0\u00a0 Information \u00fcber die aktuelle Situation<\/p>\n<p>&#8211;\u00a0\u00a0\u00a0\u00a0\u00a0\u00a0 Vorstellung von m\u00f6glichen Zukunftsprojekten, unter anderem Thema Waldkindergarten<\/p>\n<p>&#8211;\u00a0\u00a0\u00a0\u00a0\u00a0\u00a0 Fragen und Diskussion<\/p>\n<p>Zu dieser Veranstaltung sind alle B\u00fcrgerinnen und B\u00fcrger, insbesondere Eltern, die Kinder im Kindergartenalter haben, sehr herzlich eingeladen.<\/p>\n<p>\u00dcber zahlreichen Besuch freuen wir uns sehr.<\/p>\n<p>Veranstalter: Gemeinde K\u00f6nigseggwald und Katholische Kirchengemeinde K\u00f6nigseggwald<\/p>\n<p>&nbsp;<\/p>\n<p>&nbsp;<\/p>\n<h3><strong>Kath. Kindergarten St. Georg<\/strong><\/h3>\n<p>\u201eLernt mein Kind, wenn es nur spielt?\u201c \u2013 die Vielf\u00e4ltigkeit an Erfahrungen und Lernprozesse in der Entwicklung beim kindlichen Spiel<\/p>\n<p>Wir Erzieherinnen haben die Eltern unseres Kindergartens zu einem Elternabend eingeladen. Das Thema \u201eSpielen\u201c ist uns sehr wichtig, es nimmt im Alltag eines Kindergartenkindes viel Zeit, die meiste Zeit, ein und hinter dem einfachen Begriff \u201eSpielen\u201c steckt sehr viel.\u00a0 14 Mamas und Papas sind unserer Einladung gefolgt, und sie durften auch gleich nach der Begr\u00fc\u00dfung selbst loslegen. Mit einem einfachen B\u00e4renkarten-Suchspiel stiegen wir ins Thema ein, und bereits dabei konnten wir den Eltern vermitteln, was dieses einfache Spiel f\u00fcr ein Kind bedeutet: Freude beim Mitmachen, Sprache (Erz\u00e4hlen, in Worte fassen, Zuh\u00f6ren), Denken beim Suchen, Warten bis ich an die Reihe komme, Misserfolg aushalten (ich h\u00e4tte lieber die andere B\u00e4renkarte, ich m\u00f6chte jetzt erz\u00e4hlen, ich finde meine zweite B\u00e4renkarte nicht\u2026). Wir referierten nun \u00fcber das Thema \u201eSpielen\u201c \u2013\u00a0 Spielformen, der Bildungsprozess Spielen, Entwicklung des Spielens, Spielen im Zusammenhang mit Sprache, Denken, sozialem Handeln, Bewegung, Sinne, dem seelischen Gleichgewicht, und was im Orientierungsplan f\u00fcr Baden W\u00fcrttemberg zum Thema \u201eSpielen\u201c zu lesen ist.<\/p>\n<p>Nach diesem theoretischen Teil wurden die Eltern nochmals selbst aktiv. Eingeteilt in f\u00fcnf unterschiedlichen Spielbereichen bekamen die Eltern-Spielgruppen kleine Aufgaben, bei welchen sie offensichtlich gro\u00dfen Spa\u00df hatten, die sie aber auch ernst nahmen. Sie durften beispielsweise in der Bauwelt einen Bauernhof aufbauen, oder mit Knete Formen und Figuren modellieren. Am Ende mussten Fragen zum soeben \u201eGespielten\u201c beantwortet werden. Dadurch wurde allen Anwesenden bewusst, wie vielseitig und vielf\u00e4ltig Spielsituationen ihrer Kinder sein k\u00f6nnen. Spielen ist gleich lernen \u2013\u00a0 ein lebenslanger Prozess. Zufrieden und um viele wichtige Erfahrungs- und Wissenssch\u00e4tzen reicher gingen alle nach zwei Stunden nach Hause.<\/p>\n<p><img loading=\"lazy\" decoding=\"async\" class=\"alignnone size-medium wp-image-2455\" src=\"https:\/\/homepage-qkr4bkkudr.live-website.com\/wp-content\/uploads\/2019\/03\/Kinde-300x225.jpg\" alt=\"\" width=\"300\" height=\"225\" srcset=\"https:\/\/koenigseggwald.de\/wp-content\/uploads\/2019\/03\/Kinde-300x225.jpg 300w, https:\/\/koenigseggwald.de\/wp-content\/uploads\/2019\/03\/Kinde-768x576.jpg 768w, https:\/\/koenigseggwald.de\/wp-content\/uploads\/2019\/03\/Kinde-1024x768.jpg 1024w, https:\/\/koenigseggwald.de\/wp-content\/uploads\/2019\/03\/Kinde-195x146.jpg 195w, https:\/\/koenigseggwald.de\/wp-content\/uploads\/2019\/03\/Kinde-50x38.jpg 50w, https:\/\/koenigseggwald.de\/wp-content\/uploads\/2019\/03\/Kinde-100x75.jpg 100w, https:\/\/koenigseggwald.de\/wp-content\/uploads\/2019\/03\/Kinde-960x720.jpg 960w, https:\/\/koenigseggwald.de\/wp-content\/uploads\/2019\/03\/Kinde.jpg 2048w\" sizes=\"auto, (max-width:767px) 300px, 300px\" \/><\/p>\n<p>Diese Eltern spielen eine Szene in der Rollenspielwelt, jemand hat Geburtstag, es wird Kuchen gebacken und gefeiert<\/p>\n<p>Wir Erzieherinnen bedanken uns nochmals bei den anwesenden Eltern f\u00fcr deren Interesse und aktives Mitmachen. Unsere Vorbereitungsarbeit hat sich gelohnt!<\/p>\n<p>\u201eDas Spiel ist der Weg der Kinder zur Erkenntnis der Welt, in der sie leben.\u201c Maxim Gorki (1868 \u2013 1936)<\/p>\n<p>Im Namen des Teams<\/p>\n<p>Sabine Kemmer, Kindergartenleitung<\/p>\n<p>&nbsp;<\/p>\n<p>&nbsp;<\/p>\n<h3><strong>Grundschule Riedhausen<\/strong><\/h3>\n<p><strong>Schulanmeldung<\/strong><\/p>\n<p>An alle Eltern der Schulpflichtigen Kinder 2019, die zum Schulbezirk der Grundschule Riedhausen geh\u00f6ren. \u00a0Bitte melden Sie Ihr Kind am Montag den 18.03.2019 zwischen 13:00 Uhr und 16:00 Uhr in der Grundschule Riedhausen an.<\/p>\n<p>Bitte bringen Sie zur Vorstellung auch Ihr Kind mit.<\/p>\n<p>Wir nehmen wichtige personelle Daten auf, dazu ben\u00f6tigen wir die Geburtsurkunde Ihres Kindes. Wir besprechen eventuelle Themen, die f\u00fcr Ihr Kind wichtig sein k\u00f6nnten. Wenn Sie Ihr Kind zur\u00fcckstellen wollen, oder einen Schulbezirkswechsel m\u00f6chten, kommen Sie bitte ebenfalls. Die Entscheidung \u00fcber die Antr\u00e4ge auf Zur\u00fcckstellung\/Schulbezirkswechsel trifft die Schulleitung.<\/p>\n<p>Schulpflichtig werden alle Kinder, die bis zum 30.September 2019 das sechste Lebensjahr vollendet haben, sowie jene Kinder, die f\u00fcr das Schuljahr 2018\/2019 zur\u00fcckgestellt worden sind.<\/p>\n<p>&nbsp;<\/p>\n<p>&nbsp;<\/p>\n<h3><strong>Zweckverband Breitbandversorgung im Landkreis Ravensburg<\/strong><\/h3>\n<p><strong>Einladung zur Verbandsversammlung am Mittwoch, 20. M\u00e4rz 2019 11:30 Uhr im B\u00fcrgersaal Waldburg, Amtzeller Stra\u00dfe 20, 88289 Waldburg<\/strong><\/p>\n<p><strong>Tagesordnung \u00f6ffentliche Sitzung<\/strong><\/p>\n<p>1.\u00a0\u00a0\u00a0 Bekanntgaben und Informationen<\/p>\n<p>2.\u00a0\u00a0\u00a0 Genehmigung des Protokolls der vorangegangenen Sitzung<\/p>\n<p>3.\u00a0\u00a0\u00a0 Stand der Planungs- und Bauma\u00dfnahmen in den verschiedenen Gemeinden<\/p>\n<p>4.\u00a0\u00a0\u00a0 Erm\u00e4chtigung an die Verbandsversammlung zur Vergabe von weiteren anstehenden Bau- und Planungsleistungen<\/p>\n<p>5.\u00a0\u00a0\u00a0 Aufnahme der Gemeinde Ebenweiler in den Verband<\/p>\n<p>6.\u00a0\u00a0\u00a0 Bundes- und Landesf\u00f6rderung<br \/>\n-Sachstandsbericht<\/p>\n<p>7.\u00a0\u00a0\u00a0 Verschiedenes<\/p>\n<p>Die Bev\u00f6lkerung ist hierzu herzlich eingeladen.<\/p>\n<p>Oliver Spie\u00df, Verbandsvorsitzender<\/p>\n<p>&nbsp;<\/p>\n<p>&nbsp;<\/p>\n<h3><strong>Vereinsnachrichten:<\/strong><\/h3>\n<p><strong>Liederkranz 1860 K\u00f6nigseggwald<\/strong><\/p>\n<p>Die f\u00fcr Samstag, den 16.03.2019 angek\u00fcndigte Generalversammlung muss auf unbestimmte Zeit verschoben werden.<\/p>\n<p>Der neue Termin wird rechtzeitig bekannt gegeben.<\/p>\n<p>Der Vorstand<\/p>\n<p>&nbsp;<\/p>\n<p>&nbsp;<\/p>\n<h3><strong>Kinderbasar \u201eRund ums Kind\u201c in K\u00f6nigseggwald!<\/strong><\/h3>\n<p>Am Samstag, den 23. M\u00e4rz 2019, veranstaltet das Basar-Team seinen 44. Kinderkleider-Basar mit Schwangerschaftskleidung im B\u00fcrgersaal in K\u00f6nigseggwald.<\/p>\n<p>Angenommen bzw. angeboten werden gut erhaltene und moderne Fr\u00fchjahr- und Sommerbekleidung f\u00fcr Kinder, Schwangerschaftskleidung, Babyausstattung, Autositze, Kinderwagen, Spielwaren, Sportartikel, usw.<\/p>\n<p>Nicht angenommen werden Unterw\u00e4sche, Str\u00fcmpfe und Strumpfhosen. Maximal 4 Paar Schuhe werden entgegengenommen.<\/p>\n<p>Die Teilnehmergeb\u00fchr betr\u00e4gt pro Anbieter 2,- \u20ac. 10% des Verkaufserl\u00f6ses werden einbehalten und kommen einem guten Zweck zugute. Teilnehmernummern gibt es ab sofort zwischen 9-20 Uhr unter Tel. 07587 \/ 922283 (Nr. 1-30) und Tel. 07587 \/ 922145 (Nr. 31-60).<\/p>\n<p>Annahme:\u00a0\u00a0\u00a0\u00a0\u00a0 Freitag, den 22.3.2019 von 17.00 Uhr bis 18.00 Uhr<\/p>\n<p>Verkauf:\u00a0\u00a0\u00a0\u00a0\u00a0\u00a0\u00a0\u00a0 Samstag, den 23.3.2019 von 13.00 Uhr bis 15.30 Uhr<\/p>\n<p>Abholung der nicht verkauften Teile:<\/p>\n<p>Samstag, den 23.3.2019 von 17.00 Uhr bis 17.30 Uhr.<\/p>\n<p>W\u00e4hrend des Verkaufs am Samstag bieten wir Kaffee und Kuchen, auch zum Mitnehmen, an.<\/p>\n<p>Wir freuen uns auf Euch \u2013 das Basar Team, K\u00f6nigseggwald[\/vc_column_text][\/vc_column][\/vc_row][vc_row][vc_column][\/vc_column][\/vc_row][vc_row full_width=&#8220;stretch_row&#8220; content_placement=&#8220;middle&#8220; css=&#8220;.vc_custom_1531395182556{margin-bottom: 80px !important;background-color: rgba(30,115,190,0.14) !important;*background-color: rgb(30,115,190) !important;}&#8220;][vc_column][vc_column_text]<\/p>\n<p style=\"text-align: center\">Das gesamten Verbandsanzeiger und das\u00a0Katholische Kirchenblatt k\u00f6nnen Sie direkt bei der Druckerei Restle bestellen:<\/p>\n<p style=\"text-align: center\"><strong>Druck und Verlag &#8211; Fa. Restle GmbH<\/strong><br \/>\nHindenburgstr. 40-42,<br \/>\n88361 Altshausen<br \/>\nTelefon : 07584 \/ 3507 &#8211; Fax : 07584 \/ 2745<\/p>\n<p style=\"text-align: center\"><strong><a href=\"mailto:restle-druck@t-online.de\">restle-druck@t-online.de<\/a><\/strong><\/p>\n<p>[\/vc_column_text][\/vc_column][\/vc_row]<\/p>\n","protected":false},"excerpt":{"rendered":"<p>[vc_row css=&#8220;.vc_custom_1531391917905{background-color: #ededed !important;}&#8220;][vc_column][vc_custom_heading text=&#8220;K\u00f6nigseggwalder Verbandsanzeiger&#8220; font_container=&#8220;tag:h2|text_align:center&#8220; google_fonts=&#8220;font_family:Roboto%3A100%2C100italic%2C300%2C300italic%2Cregular%2Citalic%2C500%2C500italic%2C700%2C700italic%2C900%2C900italic|font_style:400%20regular%3A400%3Anormal&#8220;][\/vc_column][\/vc_row][vc_row css=&#8220;.vc_custom_1531392462926{margin-top: -30px !important;background-color: #ededed !important;}&#8220;][vc_column width=&#8220;1\/2&#8243;][vc_custom_heading text=&#8220;15.03.2019&#8243;<span class=\"excerpt-hellip\"> [\u2026]<\/span><\/p>\n","protected":false},"author":4,"featured_media":1792,"comment_status":"closed","ping_status":"closed","sticky":false,"template":"","format":"standard","meta":{"footnotes":""},"categories":[11],"tags":[],"class_list":["post-2454","post","type-post","status-publish","format-standard","has-post-thumbnail","hentry","category-verbandsanzeiger"],"_links":{"self":[{"href":"https:\/\/koenigseggwald.de\/index.php\/wp-json\/wp\/v2\/posts\/2454","targetHints":{"allow":["GET"]}}],"collection":[{"href":"https:\/\/koenigseggwald.de\/index.php\/wp-json\/wp\/v2\/posts"}],"about":[{"href":"https:\/\/koenigseggwald.de\/index.php\/wp-json\/wp\/v2\/types\/post"}],"author":[{"embeddable":true,"href":"https:\/\/koenigseggwald.de\/index.php\/wp-json\/wp\/v2\/users\/4"}],"replies":[{"embeddable":true,"href":"https:\/\/koenigseggwald.de\/index.php\/wp-json\/wp\/v2\/comments?post=2454"}],"version-history":[{"count":0,"href":"https:\/\/koenigseggwald.de\/index.php\/wp-json\/wp\/v2\/posts\/2454\/revisions"}],"wp:featuredmedia":[{"embeddable":true,"href":"https:\/\/koenigseggwald.de\/index.php\/wp-json\/wp\/v2\/media\/1792"}],"wp:attachment":[{"href":"https:\/\/koenigseggwald.de\/index.php\/wp-json\/wp\/v2\/media?parent=2454"}],"wp:term":[{"taxonomy":"category","embeddable":true,"href":"https:\/\/koenigseggwald.de\/index.php\/wp-json\/wp\/v2\/categories?post=2454"},{"taxonomy":"post_tag","embeddable":true,"href":"https:\/\/koenigseggwald.de\/index.php\/wp-json\/wp\/v2\/tags?post=2454"}],"curies":[{"name":"wp","href":"https:\/\/api.w.org\/{rel}","templated":true}]}}